{"id":88287,"date":"2017-12-27T20:22:27","date_gmt":"2017-12-27T22:22:27","guid":{"rendered":"http:\/\/diarioregionaljf.com.br\/2017\/12\/27\/carga-tributaria-sobe-para-32-38-do-pib-em-2016-informa-receita\/"},"modified":"2017-12-27T20:22:27","modified_gmt":"2017-12-27T22:22:27","slug":"carga-tributaria-sobe-para-32-38-do-pib-em-2016-informa-receita","status":"publish","type":"post","link":"https:\/\/diarioregionaldigital.com.br\/?p=88287","title":{"rendered":"Carga tribut\u00e1ria sobe para 32,38% do PIB em 2016, informa Receita"},"content":{"rendered":"<p>A carga tribut\u00e1ria chegou a 32,38% de tudo o que o pa\u00eds produz &#8211; o Produto Interno Bruto (PIB), em 2016, informou nesta quarta-feira, 27, a Secretaria da Receita Federal. Houve aumento de 0,27 ponto percentual em rela\u00e7\u00e3o a 2015, quando a arrecada\u00e7\u00e3o de tributos correspondeu a 32,11% do PIB.<\/p>\n<p>Um dos fatores que influenciaram o resultado foi a queda do PIB em 2016, com redu\u00e7\u00e3o real de 3,5% em rela\u00e7\u00e3o ao ano anterior, alcan\u00e7ando R$6,26 trilh\u00f5es.<\/p>\n<p>Segundo a Receita, essa varia\u00e7\u00e3o tamb\u00e9m foi influenciada pelo Regime Especial de Regulariza\u00e7\u00e3o Cambial e Tribut\u00e1ria, conhecido como Lei da Repatria\u00e7\u00e3o. Esse regime permitiu a regulariza\u00e7\u00e3o de recursos, bens ou direitos remetidos ou mantidos no exterior ou repatriados por residentes ou domiciliados no pa\u00eds, que n\u00e3o tinham sido declarados ou que tinham sido declarados incorretamente.<\/p>\n<p>Sem o regime, a carga tribut\u00e1ria teria se reduzido em 0,10 ponto percentual em 2016, comparado ao ano anterior, ficando em 32,01% do PIB.<\/p>\n<p>&nbsp;<\/p>\n<h4>TRIBUTOS<\/h4>\n<p>Dentre os tributos federais, os que mais contribu\u00edram para o aumento da carga tribut\u00e1ria foram o Imposto de Renda Pessoa Jur\u00eddica (IRPJ), a Contribui\u00e7\u00e3o Social sobre o Lucro L\u00edquido (CSLL) e o Imposto de Renda Retido na Fonte (IRRF), que foram respons\u00e1veis por um aumento de 0,56 ponto percentual.<\/p>\n<p>As maiores redu\u00e7\u00f5es foram do PIS\/Cofins, Imposto de Importa\u00e7\u00e3o, Imposto de Exporta\u00e7\u00e3o e Imposto sobre produtos Industrializados (IPI), que responderam por um decr\u00e9scimo de 0,43 ponto percentual.<\/p>\n<p>Quanto aos tributos estaduais e municipais, a Receita diz que houve decr\u00e9scimo naqueles que incidem sobre a produ\u00e7\u00e3o de bens e servi\u00e7os (ICMS e ISS), respons\u00e1veis pela redu\u00e7\u00e3o de 0,06 ponto percentual.<\/p>\n<p>&nbsp;<\/p>\n<p>Fonte: Ag\u00eancia Brasil<\/p>\n","protected":false},"excerpt":{"rendered":"<p>A carga tribut\u00e1ria chegou a 32,38% de tudo o que o pa\u00eds produz &#8211; o Produto Interno Bruto (PIB), em 2016, informou nesta quarta-feira, 27, a Secretaria da Receita Federal. Houve aumento de 0,27 ponto percentual em rela\u00e7\u00e3o a 2015, quando a arrecada\u00e7\u00e3o de tributos correspondeu a 32,11% do PIB. Um dos fatores que influenciaram [&hellip;]<\/p>\n","protected":false},"author":96,"featured_media":88286,"comment_status":"closed","ping_status":"closed","sticky":false,"template":"","format":"standard","meta":{"footnotes":""},"categories":[261],"tags":[],"class_list":["post-88287","post","type-post","status-publish","format-standard","has-post-thumbnail","hentry","category-economia"],"_links":{"self":[{"href":"https:\/\/diarioregionaldigital.com.br\/index.php?rest_route=\/wp\/v2\/posts\/88287","targetHints":{"allow":["GET"]}}],"collection":[{"href":"https:\/\/diarioregionaldigital.com.br\/index.php?rest_route=\/wp\/v2\/posts"}],"about":[{"href":"https:\/\/diarioregionaldigital.com.br\/index.php?rest_route=\/wp\/v2\/types\/post"}],"author":[{"embeddable":true,"href":"https:\/\/diarioregionaldigital.com.br\/index.php?rest_route=\/wp\/v2\/users\/96"}],"replies":[{"embeddable":true,"href":"https:\/\/diarioregionaldigital.com.br\/index.php?rest_route=%2Fwp%2Fv2%2Fcomments&post=88287"}],"version-history":[{"count":0,"href":"https:\/\/diarioregionaldigital.com.br\/index.php?rest_route=\/wp\/v2\/posts\/88287\/revisions"}],"wp:featuredmedia":[{"embeddable":true,"href":"https:\/\/diarioregionaldigital.com.br\/index.php?rest_route=\/wp\/v2\/media\/88286"}],"wp:attachment":[{"href":"https:\/\/diarioregionaldigital.com.br\/index.php?rest_route=%2Fwp%2Fv2%2Fmedia&parent=88287"}],"wp:term":[{"taxonomy":"category","embeddable":true,"href":"https:\/\/diarioregionaldigital.com.br\/index.php?rest_route=%2Fwp%2Fv2%2Fcategories&post=88287"},{"taxonomy":"post_tag","embeddable":true,"href":"https:\/\/diarioregionaldigital.com.br\/index.php?rest_route=%2Fwp%2Fv2%2Ftags&post=88287"}],"curies":[{"name":"wp","href":"https:\/\/api.w.org\/{rel}","templated":true}]}}