{"id":88285,"date":"2017-12-27T18:24:45","date_gmt":"2017-12-27T20:24:45","guid":{"rendered":"http:\/\/diarioregionaljf.com.br\/2017\/12\/27\/prefeitura-de-muriae-abre-inscricoes-de-processo-seletivo-para-estagiarios-na-assistencia-social\/"},"modified":"2017-12-27T18:24:45","modified_gmt":"2017-12-27T20:24:45","slug":"prefeitura-de-muriae-abre-inscricoes-de-processo-seletivo-para-estagiarios-na-assistencia-social","status":"publish","type":"post","link":"https:\/\/diarioregionaldigital.com.br\/?p=88285","title":{"rendered":"Prefeitura de Muria\u00e9 abre inscri\u00e7\u00f5es de processo seletivo para estagi\u00e1rios na assist\u00eancia social"},"content":{"rendered":"<p>Est\u00e3o abertas as inscri\u00e7\u00f5es do processo seletivo para contrata\u00e7\u00e3o de estagi\u00e1rios de diferentes \u00e1reas nas institui\u00e7\u00f5es mantidas pela Prefeitura de Muria\u00e9 (cerca de 158 Km de Juiz de Fora) que prestam servi\u00e7os na assist\u00eancia social no munic\u00edpio. O processo \u00e9 uma forma de preencher vagas de est\u00e1gio para oferecer suporte ao trabalho realizado no setor para o pr\u00f3ximo ano, promovendo experi\u00eancia aos selecionados, al\u00e9m de auxiliar o trabalho social da cidade.<\/p>\n<p>As inscri\u00e7\u00f5es s\u00e3o gratuitas e podem ser feitas somente via internet at\u00e9 dia 5 de janeiro, por meio <a href=\"https:\/\/docs.google.com\/forms\/d\/e\/1FAIpQLSf54Eu1_d73M9wdJZQ4iUA4_9P1A6kWHt1_BxxWjvILlCP6nA\/viewform\" target=\"_blank\" rel=\"noopener noreferrer\">deste link<\/a>. Podem ser inscrever estudantes que estejam cursando An\u00e1lise e Desenvolvimento de Sistemas, Educa\u00e7\u00e3o F\u00edsica, Pedagogia, Psicologia, Servi\u00e7o Social e Sistemas de Informa\u00e7\u00e3o. A jornada de est\u00e1gio ser\u00e1 de seis horas di\u00e1rias, em turno matutino e\/ou vespertino, conforme conveni\u00eancia da Administra\u00e7\u00e3o, n\u00e3o podendo coincidir com o turno do curso na institui\u00e7\u00e3o de ensino superior. A bolsa est\u00e1gio corresponde ao valor de R$723,75.<\/p>\n<p>O edital pode ser conferido na \u00edntegra no <a href=\"http:\/\/www.muriae.mg.gov.br\/site\/estagios\/\" target=\"_blank\" rel=\"noopener noreferrer\">site da Prefeitura<\/a>. O resultado e demais comunica\u00e7\u00f5es relativas ao processo seletivo ser\u00e3o divulgadas nos murais do Centro Administrativo e no mesmo endere\u00e7o eletr\u00f4nico. A prova ser\u00e1 realizada provavelmente no dia 15 de janeiro de 2018, das 14h \u00e0s 17h, em local ainda a ser informado.<\/p>\n<p>\u201cAl\u00e9m de serem importantes para a carreira profissional, as atividades desenvolvidas pelos estagi\u00e1rios contribuem para que possamos continuar a prestar servi\u00e7os sociais eficientes e de qualidade aos muriaeenses\u201d, afirma o prefeito Grego.<\/p>\n<p>&nbsp;<\/p>\n<h4><strong>EDITAL<\/strong><\/h4>\n<p><strong>Per\u00edodo de inscri\u00e7\u00e3o<\/strong>: at\u00e9 5 de janeiro de 2018<br \/><strong>Endere\u00e7o eletr\u00f4nico para fazer inscri\u00e7\u00e3o<\/strong>: https:\/\/goo.gl\/nejdsQ<br \/><strong>Endere\u00e7o eletr\u00f4nico para conferir edital<\/strong>: <a href=\"http:\/\/www.muriae.mg.gov.br\/site\/estagios\/\">http:\/\/www.muriae.mg.gov.br\/site\/estagios\/<\/a><br \/><strong>Podem se inscrever<\/strong>: estudantes de An\u00e1lise e Desenvolvimento de Sistemas, Educa\u00e7\u00e3o F\u00edsica, Pedagogia, Psicologia, Servi\u00e7o Social e Sistemas de Informa\u00e7\u00e3o<br \/><strong>Inscri\u00e7\u00e3o gratuita<\/strong><\/p>\n<p>Fonte: Assessoria<\/p>\n","protected":false},"excerpt":{"rendered":"<p>Est\u00e3o abertas as inscri\u00e7\u00f5es do processo seletivo para contrata\u00e7\u00e3o de estagi\u00e1rios de diferentes \u00e1reas nas institui\u00e7\u00f5es mantidas pela Prefeitura de Muria\u00e9 (cerca de 158 Km de Juiz de Fora) que prestam servi\u00e7os na assist\u00eancia social no munic\u00edpio. O processo \u00e9 uma forma de preencher vagas de est\u00e1gio para oferecer suporte ao trabalho realizado no setor [&hellip;]<\/p>\n","protected":false},"author":96,"featured_media":88284,"comment_status":"closed","ping_status":"closed","sticky":false,"template":"","format":"standard","meta":{"footnotes":""},"categories":[252],"tags":[],"class_list":["post-88285","post","type-post","status-publish","format-standard","has-post-thumbnail","hentry","category-regiao"],"_links":{"self":[{"href":"https:\/\/diarioregionaldigital.com.br\/index.php?rest_route=\/wp\/v2\/posts\/88285","targetHints":{"allow":["GET"]}}],"collection":[{"href":"https:\/\/diarioregionaldigital.com.br\/index.php?rest_route=\/wp\/v2\/posts"}],"about":[{"href":"https:\/\/diarioregionaldigital.com.br\/index.php?rest_route=\/wp\/v2\/types\/post"}],"author":[{"embeddable":true,"href":"https:\/\/diarioregionaldigital.com.br\/index.php?rest_route=\/wp\/v2\/users\/96"}],"replies":[{"embeddable":true,"href":"https:\/\/diarioregionaldigital.com.br\/index.php?rest_route=%2Fwp%2Fv2%2Fcomments&post=88285"}],"version-history":[{"count":0,"href":"https:\/\/diarioregionaldigital.com.br\/index.php?rest_route=\/wp\/v2\/posts\/88285\/revisions"}],"wp:featuredmedia":[{"embeddable":true,"href":"https:\/\/diarioregionaldigital.com.br\/index.php?rest_route=\/wp\/v2\/media\/88284"}],"wp:attachment":[{"href":"https:\/\/diarioregionaldigital.com.br\/index.php?rest_route=%2Fwp%2Fv2%2Fmedia&parent=88285"}],"wp:term":[{"taxonomy":"category","embeddable":true,"href":"https:\/\/diarioregionaldigital.com.br\/index.php?rest_route=%2Fwp%2Fv2%2Fcategories&post=88285"},{"taxonomy":"post_tag","embeddable":true,"href":"https:\/\/diarioregionaldigital.com.br\/index.php?rest_route=%2Fwp%2Fv2%2Ftags&post=88285"}],"curies":[{"name":"wp","href":"https:\/\/api.w.org\/{rel}","templated":true}]}}