{"id":88283,"date":"2017-12-27T17:52:00","date_gmt":"2017-12-27T19:52:00","guid":{"rendered":"http:\/\/diarioregionaljf.com.br\/2017\/12\/27\/suspeito-de-trafico-de-drogas-e-preso-pela-pm-em-barbacena\/"},"modified":"2017-12-27T17:52:00","modified_gmt":"2017-12-27T19:52:00","slug":"suspeito-de-trafico-de-drogas-e-preso-pela-pm-em-barbacena","status":"publish","type":"post","link":"https:\/\/diarioregionaldigital.com.br\/?p=88283","title":{"rendered":"Suspeito de tr\u00e1fico de drogas \u00e9 preso pela PM em Barbacena"},"content":{"rendered":"<p>Um homem foi preso por tr\u00e1fico de drogas no bairro S\u00e3o Pedro, em Barbacena (a 110 Km de Juiz de Fora), na tarde dessa ter\u00e7a-feira, 26. Os militares chegaram at\u00e9 o autor ap\u00f3s receberem den\u00fancias de que um indiv\u00edduo havia deixado algo pr\u00f3ximo \u00e0 um port\u00e3o, em um local utilizado para com\u00e9rcio e uso de drogas. O suspeito estaria em uma moto preta, cuja placa foi repassada \u00e0 PM.<\/p>\n<p>Uma equipe se dirigiu at\u00e9 o local informado e, durante varredura, um homem, utilizando o ve\u00edculo com as caracter\u00edsticas descritas na den\u00fancia, apareceu.<\/p>\n<p>Durante buscas nas proximidades, foram localizados, sob uma pedra, 10 pedras de crack. Com o suspeito, os policiais encontraram a quantia de R$161,60, al\u00e9m de celulares. Os materiais foram apreendidos.<\/p>\n<p>Questionado, o autor assumiu a propriedade do entorpecente e afirmou que s\u00f3 falaria na presen\u00e7a de seu advogado.<\/p>\n<p>Em prosseguimento ao trabalho, foi realizada busca na resid\u00eancia do autor e nada de il\u00edcito foi encontrado.<\/p>\n<p>Diante os fatos, foi dada voz de pris\u00e3o em flagrante ao autor. A motocicleta foi apreendida e recolhida para p\u00e1tio credenciado.<\/p>\n<p>&nbsp;<\/p>\n<p>Da reda\u00e7\u00e3o\/Colabora\u00e7\u00e3o Portal Barbacena Mais<\/p>\n","protected":false},"excerpt":{"rendered":"<p>Um homem foi preso por tr\u00e1fico de drogas no bairro S\u00e3o Pedro, em Barbacena (a 110 Km de Juiz de Fora), na tarde dessa ter\u00e7a-feira, 26. Os militares chegaram at\u00e9 o autor ap\u00f3s receberem den\u00fancias de que um indiv\u00edduo havia deixado algo pr\u00f3ximo \u00e0 um port\u00e3o, em um local utilizado para com\u00e9rcio e uso de [&hellip;]<\/p>\n","protected":false},"author":96,"featured_media":88282,"comment_status":"closed","ping_status":"closed","sticky":false,"template":"","format":"standard","meta":{"footnotes":""},"categories":[252],"tags":[],"class_list":["post-88283","post","type-post","status-publish","format-standard","has-post-thumbnail","hentry","category-regiao"],"_links":{"self":[{"href":"https:\/\/diarioregionaldigital.com.br\/index.php?rest_route=\/wp\/v2\/posts\/88283","targetHints":{"allow":["GET"]}}],"collection":[{"href":"https:\/\/diarioregionaldigital.com.br\/index.php?rest_route=\/wp\/v2\/posts"}],"about":[{"href":"https:\/\/diarioregionaldigital.com.br\/index.php?rest_route=\/wp\/v2\/types\/post"}],"author":[{"embeddable":true,"href":"https:\/\/diarioregionaldigital.com.br\/index.php?rest_route=\/wp\/v2\/users\/96"}],"replies":[{"embeddable":true,"href":"https:\/\/diarioregionaldigital.com.br\/index.php?rest_route=%2Fwp%2Fv2%2Fcomments&post=88283"}],"version-history":[{"count":0,"href":"https:\/\/diarioregionaldigital.com.br\/index.php?rest_route=\/wp\/v2\/posts\/88283\/revisions"}],"wp:featuredmedia":[{"embeddable":true,"href":"https:\/\/diarioregionaldigital.com.br\/index.php?rest_route=\/wp\/v2\/media\/88282"}],"wp:attachment":[{"href":"https:\/\/diarioregionaldigital.com.br\/index.php?rest_route=%2Fwp%2Fv2%2Fmedia&parent=88283"}],"wp:term":[{"taxonomy":"category","embeddable":true,"href":"https:\/\/diarioregionaldigital.com.br\/index.php?rest_route=%2Fwp%2Fv2%2Fcategories&post=88283"},{"taxonomy":"post_tag","embeddable":true,"href":"https:\/\/diarioregionaldigital.com.br\/index.php?rest_route=%2Fwp%2Fv2%2Ftags&post=88283"}],"curies":[{"name":"wp","href":"https:\/\/api.w.org\/{rel}","templated":true}]}}