{"id":88277,"date":"2017-12-27T16:42:23","date_gmt":"2017-12-27T18:42:23","guid":{"rendered":"http:\/\/diarioregionaljf.com.br\/2017\/12\/27\/inscricoes-para-concurso-da-codemig-terminam-nesta-quarta-feira\/"},"modified":"2017-12-27T16:42:23","modified_gmt":"2017-12-27T18:42:23","slug":"inscricoes-para-concurso-da-codemig-terminam-nesta-quarta-feira","status":"publish","type":"post","link":"https:\/\/diarioregionaldigital.com.br\/?p=88277","title":{"rendered":"Inscri\u00e7\u00f5es para concurso da Codemig terminam nesta quarta-feira"},"content":{"rendered":"<p>Terminam \u00e0s 20h desta quarta-feira, 28, as inscri\u00e7\u00f5es para o <a href=\"concurso\/21816-governo-de-minas-abre-inscricoes-para-concurso-publico-da-codemig\" target=\"_blank\" rel=\"noopener noreferrer\">concurso da Companhia de Desenvolvimento Econ\u00f4mico de Minas Gerais (Codemig)<\/a>. O edital 01\/2017, realizado junto \u00e0 Funda\u00e7\u00e3o de Desenvolvimento da Pesquisa (Fundep), visa o preenchimento de 19 vagas de trabalho nos n\u00edveis m\u00e9dio, m\u00e9dio t\u00e9cnico e superior. Confira <a href=\"http:\/\/www.agenciaminas.mg.gov.br\/ckeditor_assets\/attachments\/3983\/codemig.pdf\" target=\"_blank\" rel=\"noopener noreferrer\">aqui<\/a> os requisitos e fun\u00e7\u00f5es para as vagas e inscri\u00e7\u00f5es.<\/p>\n<p>A jornada de trabalho para todos os cargos \u00e9 de 40 horas semanais, com disponibilidade para viagens. Os sal\u00e1rios variam de R$3.116,38 a R$6.708,73. Al\u00e9m da remunera\u00e7\u00e3o mensal, os contratados far\u00e3o jus aos benef\u00edcios concedidos pela Codemig aos seus empregados.<\/p>\n<p>Os interessados podem se inscrever pelo site www.gestaodeconcursos.com.br. As provas ser\u00e3o realizadas em Belo Horizonte, na data prevista de 28 de janeiro de 2018.<\/p>\n<p>&nbsp;<\/p>\n<p>Da reda\u00e7\u00e3o\/Ag\u00eancia Minas<\/p>\n","protected":false},"excerpt":{"rendered":"<p>Terminam \u00e0s 20h desta quarta-feira, 28, as inscri\u00e7\u00f5es para o concurso da Companhia de Desenvolvimento Econ\u00f4mico de Minas Gerais (Codemig). O edital 01\/2017, realizado junto \u00e0 Funda\u00e7\u00e3o de Desenvolvimento da Pesquisa (Fundep), visa o preenchimento de 19 vagas de trabalho nos n\u00edveis m\u00e9dio, m\u00e9dio t\u00e9cnico e superior. Confira aqui os requisitos e fun\u00e7\u00f5es para as [&hellip;]<\/p>\n","protected":false},"author":96,"featured_media":88276,"comment_status":"closed","ping_status":"closed","sticky":false,"template":"","format":"standard","meta":{"footnotes":""},"categories":[280],"tags":[],"class_list":["post-88277","post","type-post","status-publish","format-standard","has-post-thumbnail","hentry","category-concurso"],"_links":{"self":[{"href":"https:\/\/diarioregionaldigital.com.br\/index.php?rest_route=\/wp\/v2\/posts\/88277","targetHints":{"allow":["GET"]}}],"collection":[{"href":"https:\/\/diarioregionaldigital.com.br\/index.php?rest_route=\/wp\/v2\/posts"}],"about":[{"href":"https:\/\/diarioregionaldigital.com.br\/index.php?rest_route=\/wp\/v2\/types\/post"}],"author":[{"embeddable":true,"href":"https:\/\/diarioregionaldigital.com.br\/index.php?rest_route=\/wp\/v2\/users\/96"}],"replies":[{"embeddable":true,"href":"https:\/\/diarioregionaldigital.com.br\/index.php?rest_route=%2Fwp%2Fv2%2Fcomments&post=88277"}],"version-history":[{"count":0,"href":"https:\/\/diarioregionaldigital.com.br\/index.php?rest_route=\/wp\/v2\/posts\/88277\/revisions"}],"wp:featuredmedia":[{"embeddable":true,"href":"https:\/\/diarioregionaldigital.com.br\/index.php?rest_route=\/wp\/v2\/media\/88276"}],"wp:attachment":[{"href":"https:\/\/diarioregionaldigital.com.br\/index.php?rest_route=%2Fwp%2Fv2%2Fmedia&parent=88277"}],"wp:term":[{"taxonomy":"category","embeddable":true,"href":"https:\/\/diarioregionaldigital.com.br\/index.php?rest_route=%2Fwp%2Fv2%2Fcategories&post=88277"},{"taxonomy":"post_tag","embeddable":true,"href":"https:\/\/diarioregionaldigital.com.br\/index.php?rest_route=%2Fwp%2Fv2%2Ftags&post=88277"}],"curies":[{"name":"wp","href":"https:\/\/api.w.org\/{rel}","templated":true}]}}