{"id":88275,"date":"2017-12-27T16:15:32","date_gmt":"2017-12-27T18:15:32","guid":{"rendered":"http:\/\/diarioregionaljf.com.br\/2017\/12\/27\/cliente-e-assaltada-dentro-de-estabelecimento-comercial-no-mariano-procopio\/"},"modified":"2017-12-27T16:15:32","modified_gmt":"2017-12-27T18:15:32","slug":"cliente-e-assaltada-dentro-de-estabelecimento-comercial-no-mariano-procopio","status":"publish","type":"post","link":"https:\/\/diarioregionaldigital.com.br\/?p=88275","title":{"rendered":"Cliente \u00e9 assaltada dentro de estabelecimento comercial no Mariano Proc\u00f3pio"},"content":{"rendered":"<p>Dois homens, um deles armado com um rev\u00f3lver, assaltaram um estabelecimento comercial na Avenida Rui Barbosa, bairro Mariano Proc\u00f3pio, regi\u00e3o Central, na tarde dessa ter\u00e7a-feira, 26. Eles roubaram o celular de uma cliente e R$400 do caixa da loja.<\/p>\n<p>De acordo com o Boletim de Ocorr\u00eancia (BO) da Pol\u00edcia Militar (PM), as v\u00edtimas relataram que os assaltantes renderam a cliente, subtra\u00edram seu aparelho celular e, em seguida, se dirigiram ao caixa. Al\u00e9m da referida quantia, eles ainda teriam roubado outro telefone celular.<\/p>\n<p>Em contato com a empresa respons\u00e1vel pelo monitoramento do local, foi poss\u00edvel identificar algumas caracter\u00edsticas dos autores, que fugiram em uma moto, tomando rumo ignorado. Mesmo de posse das informa\u00e7\u00f5es e ap\u00f3s rastreamento, a dupla n\u00e3o foi localizada.<\/p>\n","protected":false},"excerpt":{"rendered":"<p>Dois homens, um deles armado com um rev\u00f3lver, assaltaram um estabelecimento comercial na Avenida Rui Barbosa, bairro Mariano Proc\u00f3pio, regi\u00e3o Central, na tarde dessa ter\u00e7a-feira, 26. Eles roubaram o celular de uma cliente e R$400 do caixa da loja. De acordo com o Boletim de Ocorr\u00eancia (BO) da Pol\u00edcia Militar (PM), as v\u00edtimas relataram que [&hellip;]<\/p>\n","protected":false},"author":96,"featured_media":88274,"comment_status":"closed","ping_status":"closed","sticky":false,"template":"","format":"standard","meta":{"footnotes":""},"categories":[301],"tags":[],"class_list":["post-88275","post","type-post","status-publish","format-standard","has-post-thumbnail","hentry","category-artigos-policiais"],"_links":{"self":[{"href":"https:\/\/diarioregionaldigital.com.br\/index.php?rest_route=\/wp\/v2\/posts\/88275","targetHints":{"allow":["GET"]}}],"collection":[{"href":"https:\/\/diarioregionaldigital.com.br\/index.php?rest_route=\/wp\/v2\/posts"}],"about":[{"href":"https:\/\/diarioregionaldigital.com.br\/index.php?rest_route=\/wp\/v2\/types\/post"}],"author":[{"embeddable":true,"href":"https:\/\/diarioregionaldigital.com.br\/index.php?rest_route=\/wp\/v2\/users\/96"}],"replies":[{"embeddable":true,"href":"https:\/\/diarioregionaldigital.com.br\/index.php?rest_route=%2Fwp%2Fv2%2Fcomments&post=88275"}],"version-history":[{"count":0,"href":"https:\/\/diarioregionaldigital.com.br\/index.php?rest_route=\/wp\/v2\/posts\/88275\/revisions"}],"wp:featuredmedia":[{"embeddable":true,"href":"https:\/\/diarioregionaldigital.com.br\/index.php?rest_route=\/wp\/v2\/media\/88274"}],"wp:attachment":[{"href":"https:\/\/diarioregionaldigital.com.br\/index.php?rest_route=%2Fwp%2Fv2%2Fmedia&parent=88275"}],"wp:term":[{"taxonomy":"category","embeddable":true,"href":"https:\/\/diarioregionaldigital.com.br\/index.php?rest_route=%2Fwp%2Fv2%2Fcategories&post=88275"},{"taxonomy":"post_tag","embeddable":true,"href":"https:\/\/diarioregionaldigital.com.br\/index.php?rest_route=%2Fwp%2Fv2%2Ftags&post=88275"}],"curies":[{"name":"wp","href":"https:\/\/api.w.org\/{rel}","templated":true}]}}