{"id":88273,"date":"2017-12-27T16:01:13","date_gmt":"2017-12-27T18:01:13","guid":{"rendered":"http:\/\/diarioregionaljf.com.br\/2017\/12\/27\/adolescente-e-detido-por-trafico-de-drogas-no-santos-anjos\/"},"modified":"2017-12-27T16:01:13","modified_gmt":"2017-12-27T18:01:13","slug":"adolescente-e-detido-por-trafico-de-drogas-no-santos-anjos","status":"publish","type":"post","link":"https:\/\/diarioregionaldigital.com.br\/?p=88273","title":{"rendered":"Adolescente \u00e9 detido por tr\u00e1fico de drogas no Santos Anjos"},"content":{"rendered":"<p>Um adolescente de 17 anos foi detido por tr\u00e1fico de drogas no bairro Santos Anjos, regi\u00e3o Sudeste de Juiz de Fora, na noite dessa ter\u00e7a-feira, 26.<\/p>\n<p>De acordo com a Pol\u00edcia Militar (PM), em atendimento \u00e0 ocorr\u00eancia na Rua Padre Arnaldo Jansen, os militares notaram uma movimenta\u00e7\u00e3o estranha em uma resid\u00eancia. Ao observarem pela janela do im\u00f3vel, viram algumas buchas de subst\u00e2ncia an\u00e1loga \u00e0 maconha.<\/p>\n<p>Diante dos fatos, os policiais entraram na casa e, ao abordarem o adolescente, encontraram em seu bolso quatro buchas da referida droga e a quantia de R$15. Ao lado de uma televis\u00e3o, foram encontradas outras 31 por\u00e7\u00f5es de maconha.<\/p>\n<p>Ainda conforme a PM, o menor assumiu a propriedade do material e informou que havia adquirido a droga no Bairro Vila ideal para revend\u00ea-la no Centro.<\/p>\n<p>O adolescente foi detido e, junto com o material apreendido, encaminhado \u00e0 delegacia.<\/p>\n","protected":false},"excerpt":{"rendered":"<p>Um adolescente de 17 anos foi detido por tr\u00e1fico de drogas no bairro Santos Anjos, regi\u00e3o Sudeste de Juiz de Fora, na noite dessa ter\u00e7a-feira, 26. De acordo com a Pol\u00edcia Militar (PM), em atendimento \u00e0 ocorr\u00eancia na Rua Padre Arnaldo Jansen, os militares notaram uma movimenta\u00e7\u00e3o estranha em uma resid\u00eancia. Ao observarem pela janela [&hellip;]<\/p>\n","protected":false},"author":96,"featured_media":88272,"comment_status":"closed","ping_status":"closed","sticky":false,"template":"","format":"standard","meta":{"footnotes":""},"categories":[301],"tags":[],"class_list":["post-88273","post","type-post","status-publish","format-standard","has-post-thumbnail","hentry","category-artigos-policiais"],"_links":{"self":[{"href":"https:\/\/diarioregionaldigital.com.br\/index.php?rest_route=\/wp\/v2\/posts\/88273","targetHints":{"allow":["GET"]}}],"collection":[{"href":"https:\/\/diarioregionaldigital.com.br\/index.php?rest_route=\/wp\/v2\/posts"}],"about":[{"href":"https:\/\/diarioregionaldigital.com.br\/index.php?rest_route=\/wp\/v2\/types\/post"}],"author":[{"embeddable":true,"href":"https:\/\/diarioregionaldigital.com.br\/index.php?rest_route=\/wp\/v2\/users\/96"}],"replies":[{"embeddable":true,"href":"https:\/\/diarioregionaldigital.com.br\/index.php?rest_route=%2Fwp%2Fv2%2Fcomments&post=88273"}],"version-history":[{"count":0,"href":"https:\/\/diarioregionaldigital.com.br\/index.php?rest_route=\/wp\/v2\/posts\/88273\/revisions"}],"wp:featuredmedia":[{"embeddable":true,"href":"https:\/\/diarioregionaldigital.com.br\/index.php?rest_route=\/wp\/v2\/media\/88272"}],"wp:attachment":[{"href":"https:\/\/diarioregionaldigital.com.br\/index.php?rest_route=%2Fwp%2Fv2%2Fmedia&parent=88273"}],"wp:term":[{"taxonomy":"category","embeddable":true,"href":"https:\/\/diarioregionaldigital.com.br\/index.php?rest_route=%2Fwp%2Fv2%2Fcategories&post=88273"},{"taxonomy":"post_tag","embeddable":true,"href":"https:\/\/diarioregionaldigital.com.br\/index.php?rest_route=%2Fwp%2Fv2%2Ftags&post=88273"}],"curies":[{"name":"wp","href":"https:\/\/api.w.org\/{rel}","templated":true}]}}