{"id":88271,"date":"2017-12-27T14:46:29","date_gmt":"2017-12-27T16:46:29","guid":{"rendered":"http:\/\/diarioregionaljf.com.br\/2017\/12\/27\/projeto-institui-politica-nacional-de-agricultura-urbana\/"},"modified":"2017-12-27T14:46:29","modified_gmt":"2017-12-27T16:46:29","slug":"projeto-institui-politica-nacional-de-agricultura-urbana","status":"publish","type":"post","link":"https:\/\/diarioregionaldigital.com.br\/?p=88271","title":{"rendered":"Projeto institui Pol\u00edtica Nacional de Agricultura Urbana"},"content":{"rendered":"<p>O governo federal poder\u00e1 passar a apoiar os munic\u00edpios na defini\u00e7\u00e3o de \u00e1reas aptas ao desenvolvimento de agricultura urbana comunit\u00e1ria e individual, bem como auxiliar as prefeituras na presta\u00e7\u00e3o de assist\u00eancia t\u00e9cnica e viabilizar a aquisi\u00e7\u00e3o de produtos para os programas governamentais de aquisi\u00e7\u00e3o de alimentos e a alimenta\u00e7\u00e3o escolar.<\/p>\n<p>\u00c9 o que estabelece o Projeto de Lei da C\u00e2mara (PLC) 182\/2017, que institui a Pol\u00edtica Nacional de Agricultura Urbana com o objetivo de ampliar a seguran\u00e7a alimentar e nutricional das popula\u00e7\u00f5es urbanas vulner\u00e1veis, propiciar a ocupa\u00e7\u00e3o de espa\u00e7os urbanos ociosos e gerar alternativa de renda e de atividade ocupacional \u00e0 popula\u00e7\u00e3o. A proposta tramita na Comiss\u00e3o de Agricultura e Reforma Agr\u00e1ria (CRA), relatada pelo senador Dal\u00edrio Beber (PSDB-SC).<\/p>\n<p>Do deputado Padre Jo\u00e3o (PT-MG), o projeto determina que a agricultura urbana dever\u00e1 atender \u00e0s exig\u00eancias estabelecidas nas legisla\u00e7\u00f5es sanit\u00e1ria e ambiental pertinentes \u00e0s fases de produ\u00e7\u00e3o, de processamento e de comercializa\u00e7\u00e3o de alimentos. A proposta estabelece ainda que a produ\u00e7\u00e3o de alimentos dever\u00e1 estar articulada com os programas institucionais de alimenta\u00e7\u00e3o em escolas, creches, hospitais, asilos, restaurantes populares e estabelecimentos penais.<\/p>\n<p>De acordo com o projeto, a agricultura urbana dever\u00e1 estar prevista nos institutos jur\u00eddicos, tribut\u00e1rios e financeiros contidos no planejamento municipal, especialmente nos planos diretores ou nas diretrizes gerais de uso e ocupa\u00e7\u00e3o do solo urbano, com o objetivo de abranger aspectos de interesse local e garantir as fun\u00e7\u00f5es sociais da propriedade e da cidade.<\/p>\n<p>O projeto estabelece ainda que a Pol\u00edtica Nacional de Agricultura Urbana ser\u00e1 planejada e executada de forma descentralizada e integrada \u00e0s pol\u00edticas sociais e de desenvolvimento urbano e implementada mediante a coopera\u00e7\u00e3o entre a Uni\u00e3o, estados e munic\u00edpios.<\/p>\n<p>Por fim, o projeto prev\u00ea que o governo federal dever\u00e1 estabelecer linhas especiais de cr\u00e9dito para agricultores urbanos e suas organiza\u00e7\u00f5es, sem preju\u00edzo das linhas de cr\u00e9dito existentes, visando o investimento na produ\u00e7\u00e3o, no processamento e na estrutura de comercializa\u00e7\u00e3o.<\/p>\n<p>O governo federal dever\u00e1 ainda prestar apoio t\u00e9cnico para a certifica\u00e7\u00e3o de origem e de qualidade dos produtos, bem como promover campanhas de valoriza\u00e7\u00e3o e de divulga\u00e7\u00e3o de alimentos provenientes da agricultura urbana.<\/p>\n<p>Fonte: Ag\u00eancia Senado<\/p>\n","protected":false},"excerpt":{"rendered":"<p>O governo federal poder\u00e1 passar a apoiar os munic\u00edpios na defini\u00e7\u00e3o de \u00e1reas aptas ao desenvolvimento de agricultura urbana comunit\u00e1ria e individual, bem como auxiliar as prefeituras na presta\u00e7\u00e3o de assist\u00eancia t\u00e9cnica e viabilizar a aquisi\u00e7\u00e3o de produtos para os programas governamentais de aquisi\u00e7\u00e3o de alimentos e a alimenta\u00e7\u00e3o escolar. \u00c9 o que estabelece o [&hellip;]<\/p>\n","protected":false},"author":96,"featured_media":88270,"comment_status":"closed","ping_status":"closed","sticky":false,"template":"","format":"standard","meta":{"footnotes":""},"categories":[254],"tags":[],"class_list":["post-88271","post","type-post","status-publish","format-standard","has-post-thumbnail","hentry","category-politica"],"_links":{"self":[{"href":"https:\/\/diarioregionaldigital.com.br\/index.php?rest_route=\/wp\/v2\/posts\/88271","targetHints":{"allow":["GET"]}}],"collection":[{"href":"https:\/\/diarioregionaldigital.com.br\/index.php?rest_route=\/wp\/v2\/posts"}],"about":[{"href":"https:\/\/diarioregionaldigital.com.br\/index.php?rest_route=\/wp\/v2\/types\/post"}],"author":[{"embeddable":true,"href":"https:\/\/diarioregionaldigital.com.br\/index.php?rest_route=\/wp\/v2\/users\/96"}],"replies":[{"embeddable":true,"href":"https:\/\/diarioregionaldigital.com.br\/index.php?rest_route=%2Fwp%2Fv2%2Fcomments&post=88271"}],"version-history":[{"count":0,"href":"https:\/\/diarioregionaldigital.com.br\/index.php?rest_route=\/wp\/v2\/posts\/88271\/revisions"}],"wp:featuredmedia":[{"embeddable":true,"href":"https:\/\/diarioregionaldigital.com.br\/index.php?rest_route=\/wp\/v2\/media\/88270"}],"wp:attachment":[{"href":"https:\/\/diarioregionaldigital.com.br\/index.php?rest_route=%2Fwp%2Fv2%2Fmedia&parent=88271"}],"wp:term":[{"taxonomy":"category","embeddable":true,"href":"https:\/\/diarioregionaldigital.com.br\/index.php?rest_route=%2Fwp%2Fv2%2Fcategories&post=88271"},{"taxonomy":"post_tag","embeddable":true,"href":"https:\/\/diarioregionaldigital.com.br\/index.php?rest_route=%2Fwp%2Fv2%2Ftags&post=88271"}],"curies":[{"name":"wp","href":"https:\/\/api.w.org\/{rel}","templated":true}]}}