{"id":88269,"date":"2017-12-27T14:40:32","date_gmt":"2017-12-27T16:40:32","guid":{"rendered":"http:\/\/diarioregionaljf.com.br\/2017\/12\/27\/prazo-de-validade-de-concurso-pode-ser-suspenso-durante-periodo-eleitoral\/"},"modified":"2017-12-27T14:40:32","modified_gmt":"2017-12-27T16:40:32","slug":"prazo-de-validade-de-concurso-pode-ser-suspenso-durante-periodo-eleitoral","status":"publish","type":"post","link":"https:\/\/diarioregionaldigital.com.br\/?p=88269","title":{"rendered":"Prazo de validade de concurso pode ser suspenso durante per\u00edodo eleitoral"},"content":{"rendered":"<p>O prazo de validade de concursos p\u00fablicos pode ser suspenso durante o per\u00edodo eleitoral. \u00c9 o que prev\u00ea o Projeto de Lei do Senado 501\/2017, da senadora Rose de Freitas (PMDB-ES), em an\u00e1lise na Comiss\u00e3o de Constitui\u00e7\u00e3o, Justi\u00e7a e Cidadania (CCJ).<\/p>\n<p>O texto suspende a contagem do prazo de validade do concurso por conta da proibi\u00e7\u00e3o de nomea\u00e7\u00f5es durante o andamento do processo eleitoral ou por quest\u00f5es ligadas \u00e0 disponibilidade or\u00e7ament\u00e1ria e endividamento, como prev\u00ea a Lei de Responsabilidade Fiscal (Lei Complementar 101\/2000).<\/p>\n<p>A veda\u00e7\u00e3o das nomea\u00e7\u00f5es est\u00e1 prevista no artigo 73 da Lei Eleitoral (Lei 9.504\/1997). A legisla\u00e7\u00e3o pro\u00edbe agentes p\u00fablicos de nomear, contratar ou demitir sem justa causa servidores desde tr\u00eas meses antes da data da elei\u00e7\u00e3o at\u00e9 a posse dos eleitos.<\/p>\n<p>Para Rose de Freitas, o projeto assegura maior justi\u00e7a em rela\u00e7\u00e3o aos interesses da Administra\u00e7\u00e3o P\u00fablica e aos direitos dos aprovados em concursos p\u00fablicos. O PLS inclui na Lei 8.112\/1990 &#8211; no artigo que prev\u00ea validade de at\u00e9 dois anos, prorrog\u00e1veis, para os concursos &#8211; um inciso prevendo a suspens\u00e3o do prazo nos casos citados acima.<\/p>\n<p>\u201cEfetivamente, parece-nos ofender toda a l\u00f3gica que a contagem do prazo de validade de concurso p\u00fablico siga normalmente seu curso durante per\u00edodos nos quais as nomea\u00e7\u00f5es \u2013 ou seja, o aproveitamento administrativo dos efeitos da sele\u00e7\u00e3o de novos servidores por certame p\u00fablico \u2013 estejam proibidas\u201d, argumentou a Rose de Freitas na justifica\u00e7\u00e3o do projeto.<\/p>\n<p>O projeto ser\u00e1 apreciado em decis\u00e3o terminativa na CCJ.<\/p>\n<p>Fonte: Ag\u00eancia Senado<\/p>\n","protected":false},"excerpt":{"rendered":"<p>O prazo de validade de concursos p\u00fablicos pode ser suspenso durante o per\u00edodo eleitoral. \u00c9 o que prev\u00ea o Projeto de Lei do Senado 501\/2017, da senadora Rose de Freitas (PMDB-ES), em an\u00e1lise na Comiss\u00e3o de Constitui\u00e7\u00e3o, Justi\u00e7a e Cidadania (CCJ). O texto suspende a contagem do prazo de validade do concurso por conta da [&hellip;]<\/p>\n","protected":false},"author":96,"featured_media":88268,"comment_status":"closed","ping_status":"closed","sticky":false,"template":"","format":"standard","meta":{"footnotes":""},"categories":[254],"tags":[],"class_list":["post-88269","post","type-post","status-publish","format-standard","has-post-thumbnail","hentry","category-politica"],"_links":{"self":[{"href":"https:\/\/diarioregionaldigital.com.br\/index.php?rest_route=\/wp\/v2\/posts\/88269","targetHints":{"allow":["GET"]}}],"collection":[{"href":"https:\/\/diarioregionaldigital.com.br\/index.php?rest_route=\/wp\/v2\/posts"}],"about":[{"href":"https:\/\/diarioregionaldigital.com.br\/index.php?rest_route=\/wp\/v2\/types\/post"}],"author":[{"embeddable":true,"href":"https:\/\/diarioregionaldigital.com.br\/index.php?rest_route=\/wp\/v2\/users\/96"}],"replies":[{"embeddable":true,"href":"https:\/\/diarioregionaldigital.com.br\/index.php?rest_route=%2Fwp%2Fv2%2Fcomments&post=88269"}],"version-history":[{"count":0,"href":"https:\/\/diarioregionaldigital.com.br\/index.php?rest_route=\/wp\/v2\/posts\/88269\/revisions"}],"wp:featuredmedia":[{"embeddable":true,"href":"https:\/\/diarioregionaldigital.com.br\/index.php?rest_route=\/wp\/v2\/media\/88268"}],"wp:attachment":[{"href":"https:\/\/diarioregionaldigital.com.br\/index.php?rest_route=%2Fwp%2Fv2%2Fmedia&parent=88269"}],"wp:term":[{"taxonomy":"category","embeddable":true,"href":"https:\/\/diarioregionaldigital.com.br\/index.php?rest_route=%2Fwp%2Fv2%2Fcategories&post=88269"},{"taxonomy":"post_tag","embeddable":true,"href":"https:\/\/diarioregionaldigital.com.br\/index.php?rest_route=%2Fwp%2Fv2%2Ftags&post=88269"}],"curies":[{"name":"wp","href":"https:\/\/api.w.org\/{rel}","templated":true}]}}