{"id":88267,"date":"2017-12-27T14:36:16","date_gmt":"2017-12-27T16:36:16","guid":{"rendered":"http:\/\/diarioregionaljf.com.br\/2017\/12\/27\/projeto-impoe-restricoes-a-aumento-da-taxa-de-condominio\/"},"modified":"2017-12-27T14:36:16","modified_gmt":"2017-12-27T16:36:16","slug":"projeto-impoe-restricoes-a-aumento-da-taxa-de-condominio","status":"publish","type":"post","link":"https:\/\/diarioregionaldigital.com.br\/?p=88267","title":{"rendered":"Projeto imp\u00f5e restri\u00e7\u00f5es a aumento da taxa de condom\u00ednio"},"content":{"rendered":"<p>A C\u00e2mara dos Deputados analisa o Projeto de Lei 6973\/17, do deputado C\u00edcero Almeida (Pode-AL), que altera a Lei do Condom\u00ednio (4.591\/64) para impedir que o reajuste da taxa condominial ultrapasse a m\u00e9dia dos reajustes incidentes sobre as tarifas p\u00fablicas (\u00e1gua, energia) e de folha de pessoal, inclu\u00eddos os encargos de natureza trabalhista e previdenci\u00e1ria.<\/p>\n<p>Almeida argumenta que programas sociais de habita\u00e7\u00e3o proporcionaram um aumento no n\u00famero de condom\u00ednios em todas as regi\u00f5es do Brasil, tornando a taxa condominial um item significativo na despesa familiar.<\/p>\n<p>\u201cPor essa raz\u00e3o, a taxa condominial merece uma prote\u00e7\u00e3o legal maior no que diz respeito \u00e0 preven\u00e7\u00e3o contra os aumentos abusivos\u201d, disse.<\/p>\n<p>&nbsp;<\/p>\n<h4>TRAMITA\u00c7\u00c3O<\/h4>\n<p>O projeto ser\u00e1 analisado conclusivamente pelas comiss\u00f5es de Desenvolvimento Urbano; e de Constitui\u00e7\u00e3o e Justi\u00e7a e de Cidadania.<\/p>\n<p>Fonte: Ag\u00eancia C\u00e2mara Not\u00edcias<\/p>\n","protected":false},"excerpt":{"rendered":"<p>A C\u00e2mara dos Deputados analisa o Projeto de Lei 6973\/17, do deputado C\u00edcero Almeida (Pode-AL), que altera a Lei do Condom\u00ednio (4.591\/64) para impedir que o reajuste da taxa condominial ultrapasse a m\u00e9dia dos reajustes incidentes sobre as tarifas p\u00fablicas (\u00e1gua, energia) e de folha de pessoal, inclu\u00eddos os encargos de natureza trabalhista e previdenci\u00e1ria. [&hellip;]<\/p>\n","protected":false},"author":96,"featured_media":88266,"comment_status":"closed","ping_status":"closed","sticky":false,"template":"","format":"standard","meta":{"footnotes":""},"categories":[254],"tags":[],"class_list":["post-88267","post","type-post","status-publish","format-standard","has-post-thumbnail","hentry","category-politica"],"_links":{"self":[{"href":"https:\/\/diarioregionaldigital.com.br\/index.php?rest_route=\/wp\/v2\/posts\/88267","targetHints":{"allow":["GET"]}}],"collection":[{"href":"https:\/\/diarioregionaldigital.com.br\/index.php?rest_route=\/wp\/v2\/posts"}],"about":[{"href":"https:\/\/diarioregionaldigital.com.br\/index.php?rest_route=\/wp\/v2\/types\/post"}],"author":[{"embeddable":true,"href":"https:\/\/diarioregionaldigital.com.br\/index.php?rest_route=\/wp\/v2\/users\/96"}],"replies":[{"embeddable":true,"href":"https:\/\/diarioregionaldigital.com.br\/index.php?rest_route=%2Fwp%2Fv2%2Fcomments&post=88267"}],"version-history":[{"count":0,"href":"https:\/\/diarioregionaldigital.com.br\/index.php?rest_route=\/wp\/v2\/posts\/88267\/revisions"}],"wp:featuredmedia":[{"embeddable":true,"href":"https:\/\/diarioregionaldigital.com.br\/index.php?rest_route=\/wp\/v2\/media\/88266"}],"wp:attachment":[{"href":"https:\/\/diarioregionaldigital.com.br\/index.php?rest_route=%2Fwp%2Fv2%2Fmedia&parent=88267"}],"wp:term":[{"taxonomy":"category","embeddable":true,"href":"https:\/\/diarioregionaldigital.com.br\/index.php?rest_route=%2Fwp%2Fv2%2Fcategories&post=88267"},{"taxonomy":"post_tag","embeddable":true,"href":"https:\/\/diarioregionaldigital.com.br\/index.php?rest_route=%2Fwp%2Fv2%2Ftags&post=88267"}],"curies":[{"name":"wp","href":"https:\/\/api.w.org\/{rel}","templated":true}]}}