{"id":88265,"date":"2017-12-27T14:15:51","date_gmt":"2017-12-27T16:15:51","guid":{"rendered":"http:\/\/diarioregionaljf.com.br\/2017\/12\/27\/pjf-institui-no-calendario-do-municipio-o-dia-do-fusca\/"},"modified":"2017-12-27T14:15:51","modified_gmt":"2017-12-27T16:15:51","slug":"pjf-institui-no-calendario-do-municipio-o-dia-do-fusca","status":"publish","type":"post","link":"https:\/\/diarioregionaldigital.com.br\/?p=88265","title":{"rendered":"PJF Institui no calend\u00e1rio do Munic\u00edpio o \u201cDia do Fusca\u201d"},"content":{"rendered":"<p>Publicada no <a href=\"https:\/\/www.pjf.mg.gov.br\/e_atos\/e_atos_vis.php?id=58156\">Di\u00e1rio Oficial Eletr\u00f4nico do Munic\u00edpio de Juiz de Fora<\/a>, nesta quarta-feira, 27, o Projeto n\u00ba 223\/2017, de autoria do Vereador J\u00falio Obama Jr (PHS), institui o \u201cDia do Fusca\u201d.<\/p>\n<p>O evento institu\u00eddo ser\u00e1 inserido no Calend\u00e1rio Oficial de Eventos do Munic\u00edpio no dia dia 28 de junho. Em comemora\u00e7\u00e3o ao \u201cDia do Fusca\u201d, al\u00e9m da t\u00edpica exposi\u00e7\u00e3o p\u00fablica de autom\u00f3veis, poder\u00e3o ser promovidos eventos beneficentes, educativos, culturais e festivos pelo Poder Executivo, junto a associa\u00e7\u00f5es do fusca e carros antigos.<\/p>\n<p>A data foi escolhida em homenagem ao ex-Presidente da Rep\u00fablica ltamar Franco, nascido em 28 de junho de 1930. Itamar foi o respons\u00e1vel, por relan\u00e7ar um dos ve\u00edculos mais populares do pa\u00eds, ap\u00f3s a interrup\u00e7\u00e3o de sua produ\u00e7\u00e3o nacional, em 1986. O ve\u00edculo se tornou uma das marcas registradas do pol\u00edtico, falecido em 2011.<\/p>\n<p>De acordo com o vereador do (PHS), <a href=\"cidade\/21689-camara-municipal-aprova-projeto-de-lei-que-institui-o-dia-do-fusca\">propositor do projeto<\/a>,&nbsp; o objetivo \u00e9 preservar a mem\u00f3ria e a cultura da cidade, destacando a import\u00e2ncia do ve\u00edculo no desenvolvimento econ\u00f4mico do Brasil. A data escolhida para a comemora\u00e7\u00e3o \u00e9 o anivers\u00e1rio de Itamar Franco, dia 28 de junho, pol\u00edtico quem tem forte liga\u00e7\u00e3o com o ve\u00edculo e foi respons\u00e1vel pela retomada da fabrica\u00e7\u00e3o do mesmo no Brasil, no in\u00edcio dos anos 90. &#8220;O grande objetivo desse movimento \u00e9 preservar a mem\u00f3ria de um tempo de desenvolvimento no Brasil e que foi, inclusive, puxado por Itamar Franco, que \u00e9 uma refer\u00eancia pol\u00edtica aqui da cidade. Tamb\u00e9m n\u00e3o deixa de ser uma homenagem a ele, que \u00e9 refer\u00eancia de \u00e9tica e moral na pol\u00edtica mineira&#8221;, complementa o vereador.<\/p>\n","protected":false},"excerpt":{"rendered":"<p>Publicada no Di\u00e1rio Oficial Eletr\u00f4nico do Munic\u00edpio de Juiz de Fora, nesta quarta-feira, 27, o Projeto n\u00ba 223\/2017, de autoria do Vereador J\u00falio Obama Jr (PHS), institui o \u201cDia do Fusca\u201d. O evento institu\u00eddo ser\u00e1 inserido no Calend\u00e1rio Oficial de Eventos do Munic\u00edpio no dia dia 28 de junho. Em comemora\u00e7\u00e3o ao \u201cDia do Fusca\u201d, [&hellip;]<\/p>\n","protected":false},"author":96,"featured_media":88264,"comment_status":"closed","ping_status":"closed","sticky":false,"template":"","format":"standard","meta":{"footnotes":""},"categories":[253],"tags":[],"class_list":["post-88265","post","type-post","status-publish","format-standard","has-post-thumbnail","hentry","category-cidade"],"_links":{"self":[{"href":"https:\/\/diarioregionaldigital.com.br\/index.php?rest_route=\/wp\/v2\/posts\/88265","targetHints":{"allow":["GET"]}}],"collection":[{"href":"https:\/\/diarioregionaldigital.com.br\/index.php?rest_route=\/wp\/v2\/posts"}],"about":[{"href":"https:\/\/diarioregionaldigital.com.br\/index.php?rest_route=\/wp\/v2\/types\/post"}],"author":[{"embeddable":true,"href":"https:\/\/diarioregionaldigital.com.br\/index.php?rest_route=\/wp\/v2\/users\/96"}],"replies":[{"embeddable":true,"href":"https:\/\/diarioregionaldigital.com.br\/index.php?rest_route=%2Fwp%2Fv2%2Fcomments&post=88265"}],"version-history":[{"count":0,"href":"https:\/\/diarioregionaldigital.com.br\/index.php?rest_route=\/wp\/v2\/posts\/88265\/revisions"}],"wp:featuredmedia":[{"embeddable":true,"href":"https:\/\/diarioregionaldigital.com.br\/index.php?rest_route=\/wp\/v2\/media\/88264"}],"wp:attachment":[{"href":"https:\/\/diarioregionaldigital.com.br\/index.php?rest_route=%2Fwp%2Fv2%2Fmedia&parent=88265"}],"wp:term":[{"taxonomy":"category","embeddable":true,"href":"https:\/\/diarioregionaldigital.com.br\/index.php?rest_route=%2Fwp%2Fv2%2Fcategories&post=88265"},{"taxonomy":"post_tag","embeddable":true,"href":"https:\/\/diarioregionaldigital.com.br\/index.php?rest_route=%2Fwp%2Fv2%2Ftags&post=88265"}],"curies":[{"name":"wp","href":"https:\/\/api.w.org\/{rel}","templated":true}]}}