{"id":88263,"date":"2017-12-27T14:13:28","date_gmt":"2017-12-27T16:13:28","guid":{"rendered":"http:\/\/diarioregionaljf.com.br\/2017\/12\/27\/ex-presidente-da-coreia-do-sul-se-nega-a-depor-sobre-novas-acusacoes\/"},"modified":"2017-12-27T14:13:28","modified_gmt":"2017-12-27T16:13:28","slug":"ex-presidente-da-coreia-do-sul-se-nega-a-depor-sobre-novas-acusacoes","status":"publish","type":"post","link":"https:\/\/diarioregionaldigital.com.br\/?p=88263","title":{"rendered":"Ex-presidente da Coreia do Sul se nega a depor sobre novas acusa\u00e7\u00f5es"},"content":{"rendered":"<p>A ex-presidente da Coreia do Sul Park Geun-hye, que est\u00e1 presa por causa de den\u00fancias de um esc\u00e2ndalo em seu governo, se negou nessa ter\u00e7a-feira, 26, a depor \u00e0 promotoria sobre o financiamento ilegal que teria recebido do Servi\u00e7o Nacional de Intelig\u00eancia. A informa\u00e7\u00e3o \u00e9 da Ag\u00eancia EFE.<\/p>\n<p>Promotores do Distrito Central de Seul foram ao centro de deten\u00e7\u00e3o da capital sul-coreana, onde Park est\u00e1 detida desde a sua cassa\u00e7\u00e3o, em mar\u00e7o passado, \u00e0 espera do julgamento. A ex-presidente, no entanto, n\u00e3o quis responder a nenhuma das perguntas, disseram fontes da Justi\u00e7a \u00e0 ag\u00eancia local Yonhap.<\/p>\n<p>A Promotoria sustenta que o Servi\u00e7o Nacional de Intelig\u00eancia pagou ao escrit\u00f3rio presidencia, liderado por Park, cerca de 4 bilh\u00f5es de wons entre 2013 e 2016, e quer que a ex-presidente explique a sua vers\u00e3o sobre esses pagamentos e se fez uso deles para fins pessoais ou pol\u00edticos.<\/p>\n<p>Park se negou, at\u00e9 agora, a responder a essas acusa\u00e7\u00f5es por motivos de sa\u00fade, a mesma raz\u00e3o pela qual recusou-se a ir ao tribunal que a julga pelo caso Rasputina.<\/p>\n<p>A ex-presidente, de 65 anos, atribui os problemas f\u00edsicos \u00e0s &#8220;condi\u00e7\u00f5es desumanas&#8221; \u00e0s quais est\u00e1 submetida na pris\u00e3o de Uiwang, ao sul de Seul. Ela tamb\u00e9m n\u00e3o quis se reunir com os cinco advogados que lhe foram concedidos.<\/p>\n<p>Fonte: Ag\u00eancia Brasil<\/p>\n","protected":false},"excerpt":{"rendered":"<p>A ex-presidente da Coreia do Sul Park Geun-hye, que est\u00e1 presa por causa de den\u00fancias de um esc\u00e2ndalo em seu governo, se negou nessa ter\u00e7a-feira, 26, a depor \u00e0 promotoria sobre o financiamento ilegal que teria recebido do Servi\u00e7o Nacional de Intelig\u00eancia. A informa\u00e7\u00e3o \u00e9 da Ag\u00eancia EFE. Promotores do Distrito Central de Seul foram [&hellip;]<\/p>\n","protected":false},"author":96,"featured_media":88262,"comment_status":"closed","ping_status":"closed","sticky":false,"template":"","format":"standard","meta":{"footnotes":""},"categories":[302],"tags":[],"class_list":["post-88263","post","type-post","status-publish","format-standard","has-post-thumbnail","hentry","category-brasil-mundo"],"_links":{"self":[{"href":"https:\/\/diarioregionaldigital.com.br\/index.php?rest_route=\/wp\/v2\/posts\/88263","targetHints":{"allow":["GET"]}}],"collection":[{"href":"https:\/\/diarioregionaldigital.com.br\/index.php?rest_route=\/wp\/v2\/posts"}],"about":[{"href":"https:\/\/diarioregionaldigital.com.br\/index.php?rest_route=\/wp\/v2\/types\/post"}],"author":[{"embeddable":true,"href":"https:\/\/diarioregionaldigital.com.br\/index.php?rest_route=\/wp\/v2\/users\/96"}],"replies":[{"embeddable":true,"href":"https:\/\/diarioregionaldigital.com.br\/index.php?rest_route=%2Fwp%2Fv2%2Fcomments&post=88263"}],"version-history":[{"count":0,"href":"https:\/\/diarioregionaldigital.com.br\/index.php?rest_route=\/wp\/v2\/posts\/88263\/revisions"}],"wp:featuredmedia":[{"embeddable":true,"href":"https:\/\/diarioregionaldigital.com.br\/index.php?rest_route=\/wp\/v2\/media\/88262"}],"wp:attachment":[{"href":"https:\/\/diarioregionaldigital.com.br\/index.php?rest_route=%2Fwp%2Fv2%2Fmedia&parent=88263"}],"wp:term":[{"taxonomy":"category","embeddable":true,"href":"https:\/\/diarioregionaldigital.com.br\/index.php?rest_route=%2Fwp%2Fv2%2Fcategories&post=88263"},{"taxonomy":"post_tag","embeddable":true,"href":"https:\/\/diarioregionaldigital.com.br\/index.php?rest_route=%2Fwp%2Fv2%2Ftags&post=88263"}],"curies":[{"name":"wp","href":"https:\/\/api.w.org\/{rel}","templated":true}]}}