{"id":88261,"date":"2017-12-27T14:05:02","date_gmt":"2017-12-27T16:05:02","guid":{"rendered":"http:\/\/diarioregionaljf.com.br\/2017\/12\/27\/lei-que-permite-a-instalacao-de-suporte-para-transporte-de-bicicletas-em-taxis-e-sancionada\/"},"modified":"2017-12-27T14:05:02","modified_gmt":"2017-12-27T16:05:02","slug":"lei-que-permite-a-instalacao-de-suporte-para-transporte-de-bicicletas-em-taxis-e-sancionada","status":"publish","type":"post","link":"https:\/\/diarioregionaldigital.com.br\/?p=88261","title":{"rendered":"Lei que permite a instala\u00e7\u00e3o de suporte para transporte de bicicletas em t\u00e1xis \u00e9 sancionada"},"content":{"rendered":"<p>Os t\u00e1xis de Juiz de Fora poder\u00e3o instalar suporte para o transporte de bicicletas na parte externa do ve\u00edculo. A lei, sancionada pelo Executivo na \u00faltima sexta, 22, \u00e9 de autoria do vereador Dr. Adriano Miranda (PHS). Segundo o vereador, o objetivo \u00e9 que os t\u00e1xis possam atender os usu\u00e1rios que fazem uso da bicicleta como meio de transporte e lazer.<\/p>\n<p>O suporte para bicicletas pode ser fixo ou m\u00f3vel e tanto a instala\u00e7\u00e3o quanto a utiliza\u00e7\u00e3o do equipamento devem seguir a legisla\u00e7\u00e3o de tr\u00e2nsito vigente. Os taxistas que optarem pela instala\u00e7\u00e3o poder\u00e3o utilizar um adesivo no para-brisas com a inscri\u00e7\u00e3o \u201cTaxista Amigo do Ciclista\u201d.<\/p>\n<hr \/>\n<p>&nbsp;Fonte: Assessoria\/CMJF<\/p>\n","protected":false},"excerpt":{"rendered":"<p>Os t\u00e1xis de Juiz de Fora poder\u00e3o instalar suporte para o transporte de bicicletas na parte externa do ve\u00edculo. A lei, sancionada pelo Executivo na \u00faltima sexta, 22, \u00e9 de autoria do vereador Dr. Adriano Miranda (PHS). Segundo o vereador, o objetivo \u00e9 que os t\u00e1xis possam atender os usu\u00e1rios que fazem uso da bicicleta [&hellip;]<\/p>\n","protected":false},"author":96,"featured_media":88260,"comment_status":"closed","ping_status":"closed","sticky":false,"template":"","format":"standard","meta":{"footnotes":""},"categories":[254],"tags":[],"class_list":["post-88261","post","type-post","status-publish","format-standard","has-post-thumbnail","hentry","category-politica"],"_links":{"self":[{"href":"https:\/\/diarioregionaldigital.com.br\/index.php?rest_route=\/wp\/v2\/posts\/88261","targetHints":{"allow":["GET"]}}],"collection":[{"href":"https:\/\/diarioregionaldigital.com.br\/index.php?rest_route=\/wp\/v2\/posts"}],"about":[{"href":"https:\/\/diarioregionaldigital.com.br\/index.php?rest_route=\/wp\/v2\/types\/post"}],"author":[{"embeddable":true,"href":"https:\/\/diarioregionaldigital.com.br\/index.php?rest_route=\/wp\/v2\/users\/96"}],"replies":[{"embeddable":true,"href":"https:\/\/diarioregionaldigital.com.br\/index.php?rest_route=%2Fwp%2Fv2%2Fcomments&post=88261"}],"version-history":[{"count":0,"href":"https:\/\/diarioregionaldigital.com.br\/index.php?rest_route=\/wp\/v2\/posts\/88261\/revisions"}],"wp:featuredmedia":[{"embeddable":true,"href":"https:\/\/diarioregionaldigital.com.br\/index.php?rest_route=\/wp\/v2\/media\/88260"}],"wp:attachment":[{"href":"https:\/\/diarioregionaldigital.com.br\/index.php?rest_route=%2Fwp%2Fv2%2Fmedia&parent=88261"}],"wp:term":[{"taxonomy":"category","embeddable":true,"href":"https:\/\/diarioregionaldigital.com.br\/index.php?rest_route=%2Fwp%2Fv2%2Fcategories&post=88261"},{"taxonomy":"post_tag","embeddable":true,"href":"https:\/\/diarioregionaldigital.com.br\/index.php?rest_route=%2Fwp%2Fv2%2Ftags&post=88261"}],"curies":[{"name":"wp","href":"https:\/\/api.w.org\/{rel}","templated":true}]}}