{"id":88259,"date":"2017-12-27T14:03:29","date_gmt":"2017-12-27T16:03:29","guid":{"rendered":"http:\/\/diarioregionaljf.com.br\/2017\/12\/27\/governo-determina-que-membro-da-embaixada-da-venezuela-no-brasil-deixe-o-pais\/"},"modified":"2017-12-27T14:03:29","modified_gmt":"2017-12-27T16:03:29","slug":"governo-determina-que-membro-da-embaixada-da-venezuela-no-brasil-deixe-o-pais","status":"publish","type":"post","link":"https:\/\/diarioregionaldigital.com.br\/?p=88259","title":{"rendered":"Governo determina que membro da Embaixada da Venezuela no Brasil deixe o pa\u00eds"},"content":{"rendered":"<p>O governo brasileiro decidiu nessa ter\u00e7a-feira, 26, declarar o encarregado de neg\u00f3cios da Embaixada da Venezuela no Brasil, Girard Antonio Delgado Maldonado, como persona non grata. A medida foi tomada em resposta \u00e0 decis\u00e3o Assembleia Nacional Constituinte que, no \u00faltimo s\u00e1bado, 23, declarou o embaixador do Brasil na Venezuela, Ruy Pereira, tamb\u00e9m como persona non grata. Com a medida, Maldonado dever\u00e1 deixar o pa\u00eds.<\/p>\n<p>A decis\u00e3o foi oficializada pelo Minist\u00e9rio de Rela\u00e7\u00f5es Exteriores brasileiro. Como a Venezuela est\u00e1 sem embaixador no Brasil desde maio de 2016, quando o presidente Nicol\u00e1s Maduro determinou que Alberto Castellar retornasse \u00e0 Caracas ap\u00f3s o Senado aprovar a abertura do processo de impeachment da ent\u00e3o presidente Dilma Rousseff, Maldonado exerce o cargo m\u00e1ximo da diplomacia venezuelana no Brasil.<\/p>\n<p>De acordo com o Itamaraty, o prazo para que o diplomata venezuelano deixe o Brasil ser\u00e1 o mesmo que ser\u00e1 dado pelo governo da Venezuela para que Ruy Pereira deixe o pa\u00eds vizinho. Al\u00e9m do embaixador do Brasil, tamb\u00e9m foi declarado persona non grata o encarregado de neg\u00f3cios do Canad\u00e1, Craib Kowalik. A medida foi anunciada pela presidente da Assembleia Nacional Constituinte, Delcy Rodr\u00edguez.<\/p>\n<p>Na ocasi\u00e3o, Delcy Rodrigues afirmou que, no caso do Brasil, a medida valer\u00e1 at\u00e9 que se restaure \u201co fio constitucional que o governo de fato violou no pa\u00eds-irm\u00e3o\u201d. Em rela\u00e7\u00e3o ao Canad\u00e1, Rodr\u00edguez disse que a decis\u00e3o foi tomada pela \u201cpermanente, insistente, grosseira e vulgar intromiss\u00e3o\u201d do pa\u00eds nos assuntos internos venezuelanos.<\/p>\n<p>&nbsp;<\/p>\n<h4>CONVEN\u00c7\u00c3O DE VIENA<\/h4>\n<p>A declara\u00e7\u00e3o de persona non grata ou n\u00e3o aceit\u00e1vel est\u00e1 prevista na Conven\u00e7\u00e3o de Viena e \u00e9 uma das medidas diplom\u00e1ticas mais duras que podem ser adotadas pelos pa\u00edses signat\u00e1rios do acordo. Segundo o Artigo 9 da conven\u00e7\u00e3o, ap\u00f3s a decreta\u00e7\u00e3o de persona non grata, o pa\u00eds dever\u00e1 retirar a diplomata em quest\u00e3o do pa\u00eds que tomou a medida ou dar por terminadas as fun\u00e7\u00f5es diplom\u00e1ticas do representante.<\/p>\n<p>Se o pa\u00eds se recusar a aceitar ou retirar o representante que foi considerado n\u00e3o aceit\u00e1vel em um prazo razo\u00e1vel, o pa\u00eds que adotou a medida pode n\u00e3o mais reconhecer o cidad\u00e3o do outro Estado como membro do corpo diplom\u00e1tico.<\/p>\n<p>Fonte: Ag\u00eancia Brasil<\/p>\n","protected":false},"excerpt":{"rendered":"<p>O governo brasileiro decidiu nessa ter\u00e7a-feira, 26, declarar o encarregado de neg\u00f3cios da Embaixada da Venezuela no Brasil, Girard Antonio Delgado Maldonado, como persona non grata. A medida foi tomada em resposta \u00e0 decis\u00e3o Assembleia Nacional Constituinte que, no \u00faltimo s\u00e1bado, 23, declarou o embaixador do Brasil na Venezuela, Ruy Pereira, tamb\u00e9m como persona non [&hellip;]<\/p>\n","protected":false},"author":96,"featured_media":88258,"comment_status":"closed","ping_status":"closed","sticky":false,"template":"","format":"standard","meta":{"footnotes":""},"categories":[302],"tags":[],"class_list":["post-88259","post","type-post","status-publish","format-standard","has-post-thumbnail","hentry","category-brasil-mundo"],"_links":{"self":[{"href":"https:\/\/diarioregionaldigital.com.br\/index.php?rest_route=\/wp\/v2\/posts\/88259","targetHints":{"allow":["GET"]}}],"collection":[{"href":"https:\/\/diarioregionaldigital.com.br\/index.php?rest_route=\/wp\/v2\/posts"}],"about":[{"href":"https:\/\/diarioregionaldigital.com.br\/index.php?rest_route=\/wp\/v2\/types\/post"}],"author":[{"embeddable":true,"href":"https:\/\/diarioregionaldigital.com.br\/index.php?rest_route=\/wp\/v2\/users\/96"}],"replies":[{"embeddable":true,"href":"https:\/\/diarioregionaldigital.com.br\/index.php?rest_route=%2Fwp%2Fv2%2Fcomments&post=88259"}],"version-history":[{"count":0,"href":"https:\/\/diarioregionaldigital.com.br\/index.php?rest_route=\/wp\/v2\/posts\/88259\/revisions"}],"wp:featuredmedia":[{"embeddable":true,"href":"https:\/\/diarioregionaldigital.com.br\/index.php?rest_route=\/wp\/v2\/media\/88258"}],"wp:attachment":[{"href":"https:\/\/diarioregionaldigital.com.br\/index.php?rest_route=%2Fwp%2Fv2%2Fmedia&parent=88259"}],"wp:term":[{"taxonomy":"category","embeddable":true,"href":"https:\/\/diarioregionaldigital.com.br\/index.php?rest_route=%2Fwp%2Fv2%2Fcategories&post=88259"},{"taxonomy":"post_tag","embeddable":true,"href":"https:\/\/diarioregionaldigital.com.br\/index.php?rest_route=%2Fwp%2Fv2%2Ftags&post=88259"}],"curies":[{"name":"wp","href":"https:\/\/api.w.org\/{rel}","templated":true}]}}