{"id":88253,"date":"2017-12-27T13:39:48","date_gmt":"2017-12-27T15:39:48","guid":{"rendered":"http:\/\/diarioregionaljf.com.br\/2017\/12\/27\/chegada-de-2018-tera-shows-queima-de-fogos-e-chuva-de-papel-picado\/"},"modified":"2017-12-27T13:39:48","modified_gmt":"2017-12-27T15:39:48","slug":"chegada-de-2018-tera-shows-queima-de-fogos-e-chuva-de-papel-picado","status":"publish","type":"post","link":"https:\/\/diarioregionaldigital.com.br\/?p=88253","title":{"rendered":"Chegada de 2018 ter\u00e1 shows, queima de fogos e chuva de papel picado"},"content":{"rendered":"<p>A celebra\u00e7\u00e3o do R\u00e9veillon em Juiz de Fora promete muita alegria e alto astral para o juiz-forano e tamb\u00e9m para quem veio de fora curtir a virada de ano na cidade. A festa organizada pela Prefeitura tem in\u00edcio \u00e0s 10h30 deste s\u00e1bado, 30, no Cal\u00e7ad\u00e3o da Rua Halfeld esquina com a Rua Batista de Oliveira. Em cima de um trio el\u00e9trico, a despedida de 2017 ser\u00e1 comandada pelo Grupo Segredo e convidados, a partir das 10h30.<\/p>\n<p>Ao meio dia, a tradicional chuva de papel picado, acompanhada dos primeiros fogos do dia que ser\u00e3o disparados do pr\u00e9dio sede da Prefeitura, na Avenida Brasil, promete dar as boas vindas ao novo ano que vem chegando.<\/p>\n<p>O nascimento de 2018 ser\u00e1 festejado com uma queima de fogos no Morro do Cristo e tamb\u00e9m no Terreir\u00e3o do Samba partir da meia-noite do domingo 31. O espet\u00e1culo de luz e cor deve durar cerca de 9 minutos e poder\u00e1 ser acompanhado de v\u00e1rios pontos da cidade. Para garantir a seguran\u00e7a da popula\u00e7\u00e3o, o Mirante do Morro do Imperador ficar\u00e1 fechado durante a noite.<\/p>\n<p>A comemora\u00e7\u00e3o \u00e9 organizada pela Prefeitura de Juiz de Fora em parceria com associa\u00e7\u00f5es, sindicatos e iniciativa privada que se uniram para presentear os juiz-foranos e visitantes.<\/p>\n<p>Participam da iniciativa, a Associa\u00e7\u00e3o Comercial (ACEJF); C\u00e2mara de Dirigentes Lojistas (CDL); Sindicato das Ind\u00fastrias da Panifica\u00e7\u00e3o e Confeitaria de Juiz de Fora (Sindipan JF); Sindicato de Hot\u00e9is, Restaurantes, Bares e Similares de Juiz de Fora (SHRBSJF); Sindicato do Com\u00e9rcio (Sindicom\u00e9rcio JF); AG Plast; Casa do Biscoito; Projeto Moinho (Zona Norte); e Esdeva Ind\u00fastria Gr\u00e1fica.<\/p>\n<hr \/>\n<p>&nbsp;Fonte: Assessoria\/PJF<\/p>\n","protected":false},"excerpt":{"rendered":"<p>A celebra\u00e7\u00e3o do R\u00e9veillon em Juiz de Fora promete muita alegria e alto astral para o juiz-forano e tamb\u00e9m para quem veio de fora curtir a virada de ano na cidade. A festa organizada pela Prefeitura tem in\u00edcio \u00e0s 10h30 deste s\u00e1bado, 30, no Cal\u00e7ad\u00e3o da Rua Halfeld esquina com a Rua Batista de Oliveira. [&hellip;]<\/p>\n","protected":false},"author":96,"featured_media":88252,"comment_status":"closed","ping_status":"closed","sticky":false,"template":"","format":"standard","meta":{"footnotes":""},"categories":[253],"tags":[],"class_list":["post-88253","post","type-post","status-publish","format-standard","has-post-thumbnail","hentry","category-cidade"],"_links":{"self":[{"href":"https:\/\/diarioregionaldigital.com.br\/index.php?rest_route=\/wp\/v2\/posts\/88253","targetHints":{"allow":["GET"]}}],"collection":[{"href":"https:\/\/diarioregionaldigital.com.br\/index.php?rest_route=\/wp\/v2\/posts"}],"about":[{"href":"https:\/\/diarioregionaldigital.com.br\/index.php?rest_route=\/wp\/v2\/types\/post"}],"author":[{"embeddable":true,"href":"https:\/\/diarioregionaldigital.com.br\/index.php?rest_route=\/wp\/v2\/users\/96"}],"replies":[{"embeddable":true,"href":"https:\/\/diarioregionaldigital.com.br\/index.php?rest_route=%2Fwp%2Fv2%2Fcomments&post=88253"}],"version-history":[{"count":0,"href":"https:\/\/diarioregionaldigital.com.br\/index.php?rest_route=\/wp\/v2\/posts\/88253\/revisions"}],"wp:featuredmedia":[{"embeddable":true,"href":"https:\/\/diarioregionaldigital.com.br\/index.php?rest_route=\/wp\/v2\/media\/88252"}],"wp:attachment":[{"href":"https:\/\/diarioregionaldigital.com.br\/index.php?rest_route=%2Fwp%2Fv2%2Fmedia&parent=88253"}],"wp:term":[{"taxonomy":"category","embeddable":true,"href":"https:\/\/diarioregionaldigital.com.br\/index.php?rest_route=%2Fwp%2Fv2%2Fcategories&post=88253"},{"taxonomy":"post_tag","embeddable":true,"href":"https:\/\/diarioregionaldigital.com.br\/index.php?rest_route=%2Fwp%2Fv2%2Ftags&post=88253"}],"curies":[{"name":"wp","href":"https:\/\/api.w.org\/{rel}","templated":true}]}}