{"id":88251,"date":"2017-12-27T13:35:29","date_gmt":"2017-12-27T15:35:29","guid":{"rendered":"http:\/\/diarioregionaljf.com.br\/2017\/12\/27\/defesa-de-maluf-apresenta-hoje-laudo-paralelo-sobre-a-saude-do-parlamentar\/"},"modified":"2017-12-27T13:35:29","modified_gmt":"2017-12-27T15:35:29","slug":"defesa-de-maluf-apresenta-hoje-laudo-paralelo-sobre-a-saude-do-parlamentar","status":"publish","type":"post","link":"https:\/\/diarioregionaldigital.com.br\/?p=88251","title":{"rendered":"Defesa de Maluf apresenta hoje laudo paralelo sobre a sa\u00fade do parlamentar"},"content":{"rendered":"<p>A defesa do ex-prefeito de S\u00e3o Paulo Paulo Maluf (PP-SP) criticou nesta quarta-feira, 27, o laudo de m\u00e9dicos peritos do Instituto M\u00e9dico-Legal (IML) do Distrito Federal sobre as condi\u00e7\u00f5es de sa\u00fade do parlamentar.<\/p>\n<p>Segundo nota divulgada pelos advogados, apesar de reconhecer que o deputado est\u00e1 acometido de c\u00e2ncer de pr\u00f3stata e severo problema de coluna, o documento \u201cignorou que o parlamentar igualmente sofre de doen\u00e7a cardiovascular, apesar de descrito no hist\u00f3rico m\u00e9dico e presente nos exames complementares do paciente, sendo respons\u00e1vel por pelo menos cinco dos medicamentos de que faz uso\u201d.<\/p>\n<p>Ainda segundo o documento, \u00e9 justamente o problema card\u00edaco de Maluf que coloca \u201cmais agudamente em risco a vida\u201d e requer estrutura espec\u00edfica de atendimento de urg\u00eancia. \u201cEm raz\u00e3o dessa omiss\u00e3o e para contribuir com o Poder Judici\u00e1rio, a defesa apresenta hoje uma s\u00e9rie de quesitos espec\u00edficos elaborados pelo dr. Sami El Jundi, m\u00e9dico e perito criminal do Instituto-Geral de Per\u00edcias do Rio Grande do Sul. O dr. Sami goza da absoluta confian\u00e7a da defesa que, em outras oportunidades, j\u00e1 se socorreu dos seus conhecimentos profissionais\u201d, diz o documento.<\/p>\n<p>O advogado de Maluf, Antonio Carlos de Almeida Castro, o Kakay, tamb\u00e9m esclareceu que nenhum dos dois pedidos de habeas corpus (HCs) a favor do deputado, indeferidos ontem, 26, s\u00e3o de responsabilidade da defesa t\u00e9cnica. \u201cNa realidade, sequer conhecemos os advogados subscritores dos HCs\u201d, afirmou Kakay.<\/p>\n<p><strong>Hist\u00f3rico<\/strong><\/p>\n<p>A pedido da defesa de Maluf, a Vara de Execu\u00e7\u00f5es Penais do DF determinou, na quinta-feira passada, 21, que ele passasse por per\u00edcia m\u00e9dica oficial para avaliar se poder\u00e1 cumprir pris\u00e3o domiciliar humanit\u00e1ria, como querem seus advogados, por ter 86 anos e problemas de sa\u00fade, como c\u00e2ncer de pr\u00f3stata, h\u00e9rnia de disco e doen\u00e7a cardiovascular .<\/p>\n<p>Nessa ter\u00e1-feira, 26,, o IML atestou que o deputado Paulo Maluf tem doen\u00e7a grave e permanente, mas que o tratamento pode ser feito no pres\u00eddio. Maluf est\u00e1 preso na Penitenci\u00e1ria da Papuda, em Bras\u00edlia, onde cumpre pena de sete anos e nove meses em regime fechado pela condena\u00e7\u00e3o definitiva por lavagem de dinheiro.<\/p>\n<p>De acordo com os peritos do IML, o parlamentar pode seguir na pris\u00e3o, desde que tenha acompanhamento ambulatorial especializado. No laudo, os peritos afirmam que o deputado apresenta-se \u201cl\u00facido, orientado no tempo e espa\u00e7o, com discurso coerente, mem\u00f3ria preservada e boa cogni\u00e7\u00e3o\u201d. Al\u00e9m disso, encontra-se em bom estado geral, com respira\u00e7\u00e3o normal, \u201ccorado, hidratado, afebril ao tato\u201d.<\/p>\n<hr \/>\n<p>&nbsp;Fonte: Ag\u00eancia Brasil<\/p>\n","protected":false},"excerpt":{"rendered":"<p>A defesa do ex-prefeito de S\u00e3o Paulo Paulo Maluf (PP-SP) criticou nesta quarta-feira, 27, o laudo de m\u00e9dicos peritos do Instituto M\u00e9dico-Legal (IML) do Distrito Federal sobre as condi\u00e7\u00f5es de sa\u00fade do parlamentar. Segundo nota divulgada pelos advogados, apesar de reconhecer que o deputado est\u00e1 acometido de c\u00e2ncer de pr\u00f3stata e severo problema de coluna, [&hellip;]<\/p>\n","protected":false},"author":96,"featured_media":88250,"comment_status":"closed","ping_status":"closed","sticky":false,"template":"","format":"standard","meta":{"footnotes":""},"categories":[254],"tags":[],"class_list":["post-88251","post","type-post","status-publish","format-standard","has-post-thumbnail","hentry","category-politica"],"_links":{"self":[{"href":"https:\/\/diarioregionaldigital.com.br\/index.php?rest_route=\/wp\/v2\/posts\/88251","targetHints":{"allow":["GET"]}}],"collection":[{"href":"https:\/\/diarioregionaldigital.com.br\/index.php?rest_route=\/wp\/v2\/posts"}],"about":[{"href":"https:\/\/diarioregionaldigital.com.br\/index.php?rest_route=\/wp\/v2\/types\/post"}],"author":[{"embeddable":true,"href":"https:\/\/diarioregionaldigital.com.br\/index.php?rest_route=\/wp\/v2\/users\/96"}],"replies":[{"embeddable":true,"href":"https:\/\/diarioregionaldigital.com.br\/index.php?rest_route=%2Fwp%2Fv2%2Fcomments&post=88251"}],"version-history":[{"count":0,"href":"https:\/\/diarioregionaldigital.com.br\/index.php?rest_route=\/wp\/v2\/posts\/88251\/revisions"}],"wp:featuredmedia":[{"embeddable":true,"href":"https:\/\/diarioregionaldigital.com.br\/index.php?rest_route=\/wp\/v2\/media\/88250"}],"wp:attachment":[{"href":"https:\/\/diarioregionaldigital.com.br\/index.php?rest_route=%2Fwp%2Fv2%2Fmedia&parent=88251"}],"wp:term":[{"taxonomy":"category","embeddable":true,"href":"https:\/\/diarioregionaldigital.com.br\/index.php?rest_route=%2Fwp%2Fv2%2Fcategories&post=88251"},{"taxonomy":"post_tag","embeddable":true,"href":"https:\/\/diarioregionaldigital.com.br\/index.php?rest_route=%2Fwp%2Fv2%2Ftags&post=88251"}],"curies":[{"name":"wp","href":"https:\/\/api.w.org\/{rel}","templated":true}]}}