{"id":88247,"date":"2017-12-27T13:21:57","date_gmt":"2017-12-27T15:21:57","guid":{"rendered":"http:\/\/diarioregionaljf.com.br\/2017\/12\/27\/quatro-morrem-em-acidente-na-br-040-proximo-a-conselheiro-lafaiete\/"},"modified":"2017-12-27T13:21:57","modified_gmt":"2017-12-27T15:21:57","slug":"quatro-morrem-em-acidente-na-br-040-proximo-a-conselheiro-lafaiete","status":"publish","type":"post","link":"https:\/\/diarioregionaldigital.com.br\/?p=88247","title":{"rendered":"Quatro morrem em acidente na BR 040 pr\u00f3ximo a Conselheiro Lafaiete"},"content":{"rendered":"<p>O feriado de fim de ano continua tirando vidas nas estradas perigosas da regi\u00e3o. Mais um grave acidente nessa \u00faltima ter\u00e7a-feira, 26, tirou a vida de quatro moradores de Santana dos Montes.<\/p>\n<p>As informa\u00e7\u00f5es iniciais s\u00e3o de que um carro da Secretaria Municipal de Sa\u00fade do munic\u00edpio envolveu-se num acidente com uma carreta. A trag\u00e9dia aconteceu na BR 040, pr\u00f3ximo a pra\u00e7a de ped\u00e1gio de Conselheiro Lafaiete, na entrada da Casa Rosada, nas proximidades de Cristiano Otoni.<\/p>\n<p>As v\u00edtimas estavam no carro da prefeitura de Santana, dois deles, moradores da cidade morreram. Entre elas, dois homens, uma mulher e uma crian\u00e7a, ainda n\u00e3o identificados oficialmente. Eles estavam voltando do atendimento m\u00e9dico em Belo Horizonte.<\/p>\n<hr \/>\n<p>&nbsp;Fonte: Da reda\u00e7\u00e3o\/Barroso em dia<\/p>\n","protected":false},"excerpt":{"rendered":"<p>O feriado de fim de ano continua tirando vidas nas estradas perigosas da regi\u00e3o. Mais um grave acidente nessa \u00faltima ter\u00e7a-feira, 26, tirou a vida de quatro moradores de Santana dos Montes. As informa\u00e7\u00f5es iniciais s\u00e3o de que um carro da Secretaria Municipal de Sa\u00fade do munic\u00edpio envolveu-se num acidente com uma carreta. A trag\u00e9dia [&hellip;]<\/p>\n","protected":false},"author":96,"featured_media":88246,"comment_status":"closed","ping_status":"closed","sticky":false,"template":"","format":"standard","meta":{"footnotes":""},"categories":[252],"tags":[],"class_list":["post-88247","post","type-post","status-publish","format-standard","has-post-thumbnail","hentry","category-regiao"],"_links":{"self":[{"href":"https:\/\/diarioregionaldigital.com.br\/index.php?rest_route=\/wp\/v2\/posts\/88247","targetHints":{"allow":["GET"]}}],"collection":[{"href":"https:\/\/diarioregionaldigital.com.br\/index.php?rest_route=\/wp\/v2\/posts"}],"about":[{"href":"https:\/\/diarioregionaldigital.com.br\/index.php?rest_route=\/wp\/v2\/types\/post"}],"author":[{"embeddable":true,"href":"https:\/\/diarioregionaldigital.com.br\/index.php?rest_route=\/wp\/v2\/users\/96"}],"replies":[{"embeddable":true,"href":"https:\/\/diarioregionaldigital.com.br\/index.php?rest_route=%2Fwp%2Fv2%2Fcomments&post=88247"}],"version-history":[{"count":0,"href":"https:\/\/diarioregionaldigital.com.br\/index.php?rest_route=\/wp\/v2\/posts\/88247\/revisions"}],"wp:featuredmedia":[{"embeddable":true,"href":"https:\/\/diarioregionaldigital.com.br\/index.php?rest_route=\/wp\/v2\/media\/88246"}],"wp:attachment":[{"href":"https:\/\/diarioregionaldigital.com.br\/index.php?rest_route=%2Fwp%2Fv2%2Fmedia&parent=88247"}],"wp:term":[{"taxonomy":"category","embeddable":true,"href":"https:\/\/diarioregionaldigital.com.br\/index.php?rest_route=%2Fwp%2Fv2%2Fcategories&post=88247"},{"taxonomy":"post_tag","embeddable":true,"href":"https:\/\/diarioregionaldigital.com.br\/index.php?rest_route=%2Fwp%2Fv2%2Ftags&post=88247"}],"curies":[{"name":"wp","href":"https:\/\/api.w.org\/{rel}","templated":true}]}}