{"id":88245,"date":"2017-12-27T13:15:39","date_gmt":"2017-12-27T15:15:39","guid":{"rendered":"http:\/\/diarioregionaljf.com.br\/2017\/12\/27\/resgate-de-cao-provoca-fechamento-da-ponte-rio-niteroi-nos-dois-sentidos\/"},"modified":"2017-12-27T13:15:39","modified_gmt":"2017-12-27T15:15:39","slug":"resgate-de-cao-provoca-fechamento-da-ponte-rio-niteroi-nos-dois-sentidos","status":"publish","type":"post","link":"https:\/\/diarioregionaldigital.com.br\/?p=88245","title":{"rendered":"Resgate de c\u00e3o provoca fechamento da ponte Rio-Niter\u00f3i nos dois sentidos"},"content":{"rendered":"<p>O resgate de um cachorro provocou o fechamento da ponte Rio-Niter\u00f3i nesta quarta-feira, 27, de 8h20 \u00e0s 8h25, por medida de seguran\u00e7a, pela concession\u00e1ria que administra o local. A ponte tem mais de 13 quil\u00f4metros de extens\u00e3o.<\/p>\n<p>O animal estava na Reta do Cais, na pista de chegada ao Rio de Janeiro, e foi recolhido pelas equipes de resgate da pr\u00f3pria concession\u00e1ria e encaminhado para o p\u00e1tio da EcoPonte.<\/p>\n<p>De acordo com a assessoria da concession\u00e1ria, a ponte foi fechada nos dois sentidos para facilitar o resgate do animal e tamb\u00e9m para seguran\u00e7a dos usu\u00e1rios, porque o c\u00e3o poderia pular o canteiro divis\u00f3rio das pistas, passar de um sentido para outro e acabar provocando um acidente.<\/p>\n<p>No momento, o tempo de travessia da ponte Rio-Niter\u00f3i em dire\u00e7\u00e3o ao Rio de Janeiro est\u00e1 levando, em m\u00e9dia, 19 minutos. No sentido contr\u00e1rio, em dire\u00e7\u00e3o \u00e0 Niter\u00f3i e \u00e0s praias da Regi\u00e3o dos Lagos, o tempo de travessia \u00e9 de 15 minutos.<\/p>\n<p>Muita gente j\u00e1 est\u00e1 deixando o Rio de Janeiro para passar o final de ano foram do Rio, principalmente em dire\u00e7\u00e3o \u00e0s praias da Regi\u00e3o dos Lagos e tamb\u00e9m \u00e0 regi\u00e3o Norte Fluminense. O percurso da ponte, em condi\u00e7\u00f5es normais, \u00e9 feito em 13 minutos.<\/p>\n<hr \/>\n<p>&nbsp;Fonte: Ag\u00eancia Brasil<\/p>\n","protected":false},"excerpt":{"rendered":"<p>O resgate de um cachorro provocou o fechamento da ponte Rio-Niter\u00f3i nesta quarta-feira, 27, de 8h20 \u00e0s 8h25, por medida de seguran\u00e7a, pela concession\u00e1ria que administra o local. A ponte tem mais de 13 quil\u00f4metros de extens\u00e3o. O animal estava na Reta do Cais, na pista de chegada ao Rio de Janeiro, e foi recolhido [&hellip;]<\/p>\n","protected":false},"author":96,"featured_media":88244,"comment_status":"closed","ping_status":"closed","sticky":false,"template":"","format":"standard","meta":{"footnotes":""},"categories":[302],"tags":[],"class_list":["post-88245","post","type-post","status-publish","format-standard","has-post-thumbnail","hentry","category-brasil-mundo"],"_links":{"self":[{"href":"https:\/\/diarioregionaldigital.com.br\/index.php?rest_route=\/wp\/v2\/posts\/88245","targetHints":{"allow":["GET"]}}],"collection":[{"href":"https:\/\/diarioregionaldigital.com.br\/index.php?rest_route=\/wp\/v2\/posts"}],"about":[{"href":"https:\/\/diarioregionaldigital.com.br\/index.php?rest_route=\/wp\/v2\/types\/post"}],"author":[{"embeddable":true,"href":"https:\/\/diarioregionaldigital.com.br\/index.php?rest_route=\/wp\/v2\/users\/96"}],"replies":[{"embeddable":true,"href":"https:\/\/diarioregionaldigital.com.br\/index.php?rest_route=%2Fwp%2Fv2%2Fcomments&post=88245"}],"version-history":[{"count":0,"href":"https:\/\/diarioregionaldigital.com.br\/index.php?rest_route=\/wp\/v2\/posts\/88245\/revisions"}],"wp:featuredmedia":[{"embeddable":true,"href":"https:\/\/diarioregionaldigital.com.br\/index.php?rest_route=\/wp\/v2\/media\/88244"}],"wp:attachment":[{"href":"https:\/\/diarioregionaldigital.com.br\/index.php?rest_route=%2Fwp%2Fv2%2Fmedia&parent=88245"}],"wp:term":[{"taxonomy":"category","embeddable":true,"href":"https:\/\/diarioregionaldigital.com.br\/index.php?rest_route=%2Fwp%2Fv2%2Fcategories&post=88245"},{"taxonomy":"post_tag","embeddable":true,"href":"https:\/\/diarioregionaldigital.com.br\/index.php?rest_route=%2Fwp%2Fv2%2Ftags&post=88245"}],"curies":[{"name":"wp","href":"https:\/\/api.w.org\/{rel}","templated":true}]}}