{"id":88241,"date":"2017-12-27T13:09:10","date_gmt":"2017-12-27T15:09:10","guid":{"rendered":"http:\/\/diarioregionaljf.com.br\/2017\/12\/27\/policia-militar-intensifica-acao-na-rocinha-em-busca-de-armas-e-criminosos\/"},"modified":"2017-12-27T13:09:10","modified_gmt":"2017-12-27T15:09:10","slug":"policia-militar-intensifica-acao-na-rocinha-em-busca-de-armas-e-criminosos","status":"publish","type":"post","link":"https:\/\/diarioregionaldigital.com.br\/?p=88241","title":{"rendered":"Pol\u00edcia Militar intensifica a\u00e7\u00e3o na Rocinha em busca de armas e criminosos"},"content":{"rendered":"<p>Policiais militares do Comando de Opera\u00e7\u00f5es Especiais (COE) fazem hoje, 27, uma grande opera\u00e7\u00e3o na favela da Rocinha, na zona sul do Rio. A a\u00e7\u00e3o teve in\u00edcio no fim da madrugada, com homens do Batalh\u00e3o de Opera\u00e7\u00f5es Policiais Especiais (Bope), do Batalh\u00e3o de Choque, do Batalh\u00e3o de A\u00e7\u00f5es com C\u00e3es e com o apoio de um helic\u00f3ptero \u00e0s equipes de terra. O objetivo \u00e9 ampliar as buscas por armas e criminosos. Os trabalhos contam ainda com equipes do batalh\u00e3o do Leblon e da Unidade de Pol\u00edcia Pacificadora (UPP), cercando os principais pontos de apoio \u00e0 favela.<\/p>\n<p>Em nota, a assessoria da Pol\u00edcia Militar informou que &#8220;a comunidade conta com atua\u00e7\u00e3o di\u00e1ria das for\u00e7as especiais e o apoio de outras unidades militares, h\u00e1 mais de tr\u00eas meses na regi\u00e3o&#8221;. A finalidade \u00e9 intensificar o varredura em busca de armas e criminosos. Nessa manh\u00e3, equipes policiais entraram em confronto com criminosos armados em diversos pontos da comunidade.<\/p>\n<p>Na Rua 2, militares do Batalh\u00e3o de Choque trocaram tiros com cerca de dez criminosos, por volta das 5h30. Os policiais apreenderam, ap\u00f3s o tiroteio, quatro granadas defensivas, duas granadas artesanais e uma bomba de g\u00e1s lacrimog\u00eaneo, al\u00e9m de muni\u00e7\u00e3o deixada pelos criminosos para dois tipos de fuzil e uma quantidade de maconha, ainda n\u00e3o contabilizada. O material foi encaminhado \u00e0 11\u00aa Delegacia Policial, na Rocinha.<\/p>\n<p>Nas rede sociais, moradores descreveram a troca de tiros na parte alta da Rocinha e tamb\u00e9m perto da Pontif\u00edcia Universidade Cat\u00f3lica (PUC), na G\u00e1vea. A comunidade da Rocinha abrange os bairros de S\u00e3o Conrado, G\u00e1vea e pela mata fechada, na regi\u00e3o de Mata Atl\u00e2ntica, pode-se atingir tamb\u00e9m os bairros do Horto e do Jardim Bot\u00e2nico.<\/p>\n<hr \/>\n<p>&nbsp;Fonte: Ag\u00eancia Brasil<\/p>\n","protected":false},"excerpt":{"rendered":"<p>Policiais militares do Comando de Opera\u00e7\u00f5es Especiais (COE) fazem hoje, 27, uma grande opera\u00e7\u00e3o na favela da Rocinha, na zona sul do Rio. A a\u00e7\u00e3o teve in\u00edcio no fim da madrugada, com homens do Batalh\u00e3o de Opera\u00e7\u00f5es Policiais Especiais (Bope), do Batalh\u00e3o de Choque, do Batalh\u00e3o de A\u00e7\u00f5es com C\u00e3es e com o apoio de [&hellip;]<\/p>\n","protected":false},"author":96,"featured_media":88240,"comment_status":"closed","ping_status":"closed","sticky":false,"template":"","format":"standard","meta":{"footnotes":""},"categories":[302],"tags":[],"class_list":["post-88241","post","type-post","status-publish","format-standard","has-post-thumbnail","hentry","category-brasil-mundo"],"_links":{"self":[{"href":"https:\/\/diarioregionaldigital.com.br\/index.php?rest_route=\/wp\/v2\/posts\/88241","targetHints":{"allow":["GET"]}}],"collection":[{"href":"https:\/\/diarioregionaldigital.com.br\/index.php?rest_route=\/wp\/v2\/posts"}],"about":[{"href":"https:\/\/diarioregionaldigital.com.br\/index.php?rest_route=\/wp\/v2\/types\/post"}],"author":[{"embeddable":true,"href":"https:\/\/diarioregionaldigital.com.br\/index.php?rest_route=\/wp\/v2\/users\/96"}],"replies":[{"embeddable":true,"href":"https:\/\/diarioregionaldigital.com.br\/index.php?rest_route=%2Fwp%2Fv2%2Fcomments&post=88241"}],"version-history":[{"count":0,"href":"https:\/\/diarioregionaldigital.com.br\/index.php?rest_route=\/wp\/v2\/posts\/88241\/revisions"}],"wp:featuredmedia":[{"embeddable":true,"href":"https:\/\/diarioregionaldigital.com.br\/index.php?rest_route=\/wp\/v2\/media\/88240"}],"wp:attachment":[{"href":"https:\/\/diarioregionaldigital.com.br\/index.php?rest_route=%2Fwp%2Fv2%2Fmedia&parent=88241"}],"wp:term":[{"taxonomy":"category","embeddable":true,"href":"https:\/\/diarioregionaldigital.com.br\/index.php?rest_route=%2Fwp%2Fv2%2Fcategories&post=88241"},{"taxonomy":"post_tag","embeddable":true,"href":"https:\/\/diarioregionaldigital.com.br\/index.php?rest_route=%2Fwp%2Fv2%2Ftags&post=88241"}],"curies":[{"name":"wp","href":"https:\/\/api.w.org\/{rel}","templated":true}]}}