{"id":88190,"date":"2017-12-26T21:27:45","date_gmt":"2017-12-26T23:27:45","guid":{"rendered":"http:\/\/diarioregionaljf.com.br\/2017\/12\/26\/comissao-aprova-regras-para-cortes-de-agua-luz-e-telefone\/"},"modified":"2017-12-26T21:27:45","modified_gmt":"2017-12-26T23:27:45","slug":"comissao-aprova-regras-para-cortes-de-agua-luz-e-telefone","status":"publish","type":"post","link":"https:\/\/diarioregionaldigital.com.br\/?p=88190","title":{"rendered":"Comiss\u00e3o aprova regras para cortes de \u00e1gua, luz e telefone"},"content":{"rendered":"<p>A Comiss\u00e3o de Defesa do Consumidor da C\u00e2mara dos Deputados aprovou proposta que fixa uma s\u00e9rie de normas de prote\u00e7\u00e3o ao consumidor dos servi\u00e7os p\u00fablicos de \u00e1gua, energia el\u00e9trica e telefonia.<\/p>\n<p>Pelo texto, a interrup\u00e7\u00e3o do fornecimento de \u00e1gua e de luz por inadimpl\u00eancia somente poder\u00e1 ser executada 90 dias ap\u00f3s o vencimento da conta n\u00e3o paga, no caso de consumidor residencial. No caso do consumidor comercial, o corte poder\u00e1 ocorrer 30 dias ap\u00f3s o vencimento.<\/p>\n<p>No caso da telefonia, a interrup\u00e7\u00e3o somente poder\u00e1 ser executada 30 ap\u00f3s o vencimento \u2013 mesmo prazo j\u00e1 previsto na regulamenta\u00e7\u00e3o da Ag\u00eancia Nacional de Telecomunica\u00e7\u00f5es (Anatel). Em todos os servi\u00e7os, ser\u00e1 obrigat\u00f3rio o envio de aviso pr\u00e9vio do corte com 15 dias de anteced\u00eancia.<\/p>\n<p>A iniciativa consta no Projeto de Lei 2566\/96, do Senado. O relator da mat\u00e9ria, o deputado Rodrigo Martins (PSB-PI), recomendou a aprova\u00e7\u00e3o do texto na forma de substitutivo adotado pela Comiss\u00e3o de Ci\u00eancia e Tecnologia.<\/p>\n<p>O parlamentar defende que as empresas n\u00e3o podem ter liberdade para ditar regras quanto ao que fazer nos casos de inadimpl\u00eancia, interrup\u00e7\u00e3o do servi\u00e7o, forma de presta\u00e7\u00e3o e n\u00edvel de qualidade.<\/p>\n<p>\u201c\u00c9 nosso dever fiscalizar e exigir um desempenho voltado para a prote\u00e7\u00e3o e defesa do consumidor por parte das ag\u00eancias reguladoras, que, por vezes, deixam a desejar neste aspecto\u201d, complementou.<\/p>\n<p>&nbsp;<\/p>\n<h4>JUSTI\u00c7A<\/h4>\n<p>Segundo ele, a regulamenta\u00e7\u00e3o vai solucionar a falta de consenso na Justi\u00e7a sobre o tema. O Superior Tribunal de Justi\u00e7a (STJ) tem posi\u00e7\u00e3o mais favor\u00e1vel ao consumidor \u2013 a jurisprud\u00eancia pro\u00edbe o corte no fornecimento, mesmo em caso de inadimpl\u00eancia. J\u00e1 o Supremo Tribunal Federal (STF) defende a necess\u00e1ria contrapartida de pagamento pelo servi\u00e7o.<\/p>\n<p>O texto aprovado autoriza a manuten\u00e7\u00e3o do servi\u00e7o por decis\u00e3o do juiz, na hip\u00f3tese de haver contesta\u00e7\u00e3o judicial sobre o pagamento. No entanto, ao final do processo, o fornecimento poder\u00e1 ser cortado, caso o consumidor n\u00e3o pague o d\u00e9bito no prazo.<\/p>\n<p>O substitutivo tamb\u00e9m pro\u00edbe cobran\u00e7a de qualquer valor para restabelecimento do servi\u00e7o ap\u00f3s a regulariza\u00e7\u00e3o do d\u00e9bito e fixa prazo de 24 horas para que os servi\u00e7os voltem a funcionar.<\/p>\n<h4>ATENDIMENTO<\/h4>\n<p>Uma das normas aprovadas obriga as empresas a manter em funcionamento local f\u00edsico, com funcion\u00e1rios pr\u00f3prios, para atendimento pessoal ao consumidor em munic\u00edpios com mais de 100 mil habitantes. Nesses locais, dever\u00e1 ser disponibilizada senha para o atendimento, sendo que o tempo de espera n\u00e3o poder\u00e1 ser superior a 30 minutos.<\/p>\n<p>Essas normas j\u00e1 est\u00e3o previstas em regulamento da Anatel e passariam a valer tamb\u00e9m para os servi\u00e7os de \u00e1gua e luz.<\/p>\n<p>O substitutivo diz ainda que o tempo de espera entre o in\u00edcio da liga\u00e7\u00e3o e o efetivo atendimento pelo funcion\u00e1rio, quando requerido, n\u00e3o poder\u00e1 ser superior a um minuto. Essas normas de call centers j\u00e1 est\u00e3o previstas no Decreto 6.523\/08, que regulamenta o Servi\u00e7o de Atendimento ao Consumidor (SAC).<\/p>\n<p>&nbsp;<\/p>\n<h4>TRAMITA\u00c7\u00c3O<\/h4>\n<p>A proposta ser\u00e1 analisada de forma conclusiva pela Comiss\u00e3o de Constitui\u00e7\u00e3o e Justi\u00e7a e de Cidadania.<\/p>\n<p>Fonte: Ag\u00eancia C\u00e2mara Not\u00edcias<\/p>\n","protected":false},"excerpt":{"rendered":"<p>A Comiss\u00e3o de Defesa do Consumidor da C\u00e2mara dos Deputados aprovou proposta que fixa uma s\u00e9rie de normas de prote\u00e7\u00e3o ao consumidor dos servi\u00e7os p\u00fablicos de \u00e1gua, energia el\u00e9trica e telefonia. Pelo texto, a interrup\u00e7\u00e3o do fornecimento de \u00e1gua e de luz por inadimpl\u00eancia somente poder\u00e1 ser executada 90 dias ap\u00f3s o vencimento da conta [&hellip;]<\/p>\n","protected":false},"author":96,"featured_media":88189,"comment_status":"closed","ping_status":"closed","sticky":false,"template":"","format":"standard","meta":{"footnotes":""},"categories":[254],"tags":[],"class_list":["post-88190","post","type-post","status-publish","format-standard","has-post-thumbnail","hentry","category-politica"],"_links":{"self":[{"href":"https:\/\/diarioregionaldigital.com.br\/index.php?rest_route=\/wp\/v2\/posts\/88190","targetHints":{"allow":["GET"]}}],"collection":[{"href":"https:\/\/diarioregionaldigital.com.br\/index.php?rest_route=\/wp\/v2\/posts"}],"about":[{"href":"https:\/\/diarioregionaldigital.com.br\/index.php?rest_route=\/wp\/v2\/types\/post"}],"author":[{"embeddable":true,"href":"https:\/\/diarioregionaldigital.com.br\/index.php?rest_route=\/wp\/v2\/users\/96"}],"replies":[{"embeddable":true,"href":"https:\/\/diarioregionaldigital.com.br\/index.php?rest_route=%2Fwp%2Fv2%2Fcomments&post=88190"}],"version-history":[{"count":0,"href":"https:\/\/diarioregionaldigital.com.br\/index.php?rest_route=\/wp\/v2\/posts\/88190\/revisions"}],"wp:featuredmedia":[{"embeddable":true,"href":"https:\/\/diarioregionaldigital.com.br\/index.php?rest_route=\/wp\/v2\/media\/88189"}],"wp:attachment":[{"href":"https:\/\/diarioregionaldigital.com.br\/index.php?rest_route=%2Fwp%2Fv2%2Fmedia&parent=88190"}],"wp:term":[{"taxonomy":"category","embeddable":true,"href":"https:\/\/diarioregionaldigital.com.br\/index.php?rest_route=%2Fwp%2Fv2%2Fcategories&post=88190"},{"taxonomy":"post_tag","embeddable":true,"href":"https:\/\/diarioregionaldigital.com.br\/index.php?rest_route=%2Fwp%2Fv2%2Ftags&post=88190"}],"curies":[{"name":"wp","href":"https:\/\/api.w.org\/{rel}","templated":true}]}}