{"id":88188,"date":"2017-12-26T21:24:46","date_gmt":"2017-12-26T23:24:46","guid":{"rendered":"http:\/\/diarioregionaljf.com.br\/2017\/12\/26\/pec-exige-maioria-do-stf-para-afastamento-de-chefes-do-executivo-e-legislativo\/"},"modified":"2017-12-26T21:24:46","modified_gmt":"2017-12-26T23:24:46","slug":"pec-exige-maioria-do-stf-para-afastamento-de-chefes-do-executivo-e-legislativo","status":"publish","type":"post","link":"https:\/\/diarioregionaldigital.com.br\/?p=88188","title":{"rendered":"PEC exige maioria do STF para afastamento de chefes do Executivo e Legislativo"},"content":{"rendered":"<p>A senadora Rose de Freitas (PMDB-ES) apresentou uma proposta de emenda \u00e0 Constitui\u00e7\u00e3o para dificultar o afastamento dos chefes dos Poderes Executivo e Legislativo por determina\u00e7\u00e3o do Supremo Tribunal Federal (STF).<\/p>\n<p>De acordo com a PEC 49\/2017, eventuais decis\u00f5es contra os presidentes da Rep\u00fablica e do Congresso devem ser aprovadas pela maioria absoluta da Corte, seis dos 11 ministros. A regra valeria inclusive para procedimentos cautelares ou liminares.<\/p>\n<p>A PEC 49\/2017 aguarda a indica\u00e7\u00e3o de um relator na Comiss\u00e3o de Constitui\u00e7\u00e3o, Justi\u00e7a e Cidadania (CCJ). Na justificativa, a autora faz refer\u00eancia a um epis\u00f3dio ocorrido recentemente. Em dezembro de 2016, o ministro Marco Aur\u00e9lio Mello concedeu uma liminar para afastar o senador Renan Calheiros (PMDB-AL) da Presid\u00eancia do Senado. Mello entendeu que, como havia se tornado r\u00e9u em um processo no STF, Calheiros n\u00e3o poderia continuar no cargo por estar na linha sucess\u00f3ria do presidente da Rep\u00fablica.<\/p>\n<p>A Mesa Diretora do Senado decidiu aguardar a delibera\u00e7\u00e3o do Pleno do STF antes de decidir sobre um poss\u00edvel afastamento de Renan Calheiros. Por seis votos a tr\u00eas, a Corte derrubou a liminar de Marco Aur\u00e9lio.<\/p>\n<p>De acordo com Rose de Freitas, a medida pode impedir \u201cesse tipo de procedimento indiscutivelmente traum\u00e1tico\u201d.&nbsp;Ela lembra que um processo de impeachment contra ministro do STF exige decis\u00e3o de dois ter\u00e7os do Senado, assim como o afastamento do presidente da Rep\u00fablica depende do voto de dois ter\u00e7os dos deputados.<\/p>\n<p>\u201cN\u00e3o \u00e9 admiss\u00edvel decis\u00e3o monocr\u00e1tica, mormente em sede liminar, com o cond\u00e3o de afastar o comando do Legislativo federal, em qualquer de suas Casas\u201d, argumenta Rose de Freitas na justificativa da PEC.<\/p>\n<p>Fonte: Ag\u00eancia Senado<\/p>\n","protected":false},"excerpt":{"rendered":"<p>A senadora Rose de Freitas (PMDB-ES) apresentou uma proposta de emenda \u00e0 Constitui\u00e7\u00e3o para dificultar o afastamento dos chefes dos Poderes Executivo e Legislativo por determina\u00e7\u00e3o do Supremo Tribunal Federal (STF). De acordo com a PEC 49\/2017, eventuais decis\u00f5es contra os presidentes da Rep\u00fablica e do Congresso devem ser aprovadas pela maioria absoluta da Corte, [&hellip;]<\/p>\n","protected":false},"author":96,"featured_media":88187,"comment_status":"closed","ping_status":"closed","sticky":false,"template":"","format":"standard","meta":{"footnotes":""},"categories":[254],"tags":[],"class_list":["post-88188","post","type-post","status-publish","format-standard","has-post-thumbnail","hentry","category-politica"],"_links":{"self":[{"href":"https:\/\/diarioregionaldigital.com.br\/index.php?rest_route=\/wp\/v2\/posts\/88188","targetHints":{"allow":["GET"]}}],"collection":[{"href":"https:\/\/diarioregionaldigital.com.br\/index.php?rest_route=\/wp\/v2\/posts"}],"about":[{"href":"https:\/\/diarioregionaldigital.com.br\/index.php?rest_route=\/wp\/v2\/types\/post"}],"author":[{"embeddable":true,"href":"https:\/\/diarioregionaldigital.com.br\/index.php?rest_route=\/wp\/v2\/users\/96"}],"replies":[{"embeddable":true,"href":"https:\/\/diarioregionaldigital.com.br\/index.php?rest_route=%2Fwp%2Fv2%2Fcomments&post=88188"}],"version-history":[{"count":0,"href":"https:\/\/diarioregionaldigital.com.br\/index.php?rest_route=\/wp\/v2\/posts\/88188\/revisions"}],"wp:featuredmedia":[{"embeddable":true,"href":"https:\/\/diarioregionaldigital.com.br\/index.php?rest_route=\/wp\/v2\/media\/88187"}],"wp:attachment":[{"href":"https:\/\/diarioregionaldigital.com.br\/index.php?rest_route=%2Fwp%2Fv2%2Fmedia&parent=88188"}],"wp:term":[{"taxonomy":"category","embeddable":true,"href":"https:\/\/diarioregionaldigital.com.br\/index.php?rest_route=%2Fwp%2Fv2%2Fcategories&post=88188"},{"taxonomy":"post_tag","embeddable":true,"href":"https:\/\/diarioregionaldigital.com.br\/index.php?rest_route=%2Fwp%2Fv2%2Ftags&post=88188"}],"curies":[{"name":"wp","href":"https:\/\/api.w.org\/{rel}","templated":true}]}}