{"id":88186,"date":"2017-12-26T20:55:14","date_gmt":"2017-12-26T22:55:14","guid":{"rendered":"http:\/\/diarioregionaljf.com.br\/2017\/12\/26\/natal-no-planalto\/"},"modified":"2017-12-26T20:55:14","modified_gmt":"2017-12-26T22:55:14","slug":"natal-no-planalto","status":"publish","type":"post","link":"https:\/\/diarioregionaldigital.com.br\/?p=88186","title":{"rendered":"Natal no Planalto"},"content":{"rendered":"<p style=\"text-align: center;\"><span class=\"h4\">Natal no Planalto<\/span><br \/>Mais do que vota\u00e7\u00f5es de projetos, outro fator atraiu deputados a Bras\u00edlia na \u00faltima semana de trabalho no Congresso. Eles passaram a semana batendo de porta em porta na Esplanada, numa \u00faltima tentativa de garantir o empenho (promessa de gasto) de suas emendas ao Or\u00e7amento de 2017.<\/p>\n<p style=\"text-align: center;\"><span class=\"h4\">Festa<\/span><br \/>A Juventude dourada marcou presen\u00e7a na Festa Fresch, no Hotel Green Hill, e o DJ M\u00f4a j\u00e1 tem destino certo para a pr\u00f3xima festa. A badalada edi\u00e7\u00e3o de carnaval ser\u00e1 no Thele Beach, na Enseada Azul, em Mea\u00edpe(ES).<\/p>\n<p style=\"text-align: center;\"><span class=\"h4\">Olha S\u00f3<\/span><br \/>Na altura do campeonato, parece piada, chegou ao STJ o processo de S\u00edlvio Santos contra o programa \u201cP\u00e2nico na TV\u201d. O apresentador pede indeniza\u00e7\u00e3o pela imita\u00e7\u00e3o que faziam dele, em \u201ctom jocoso e ofensivo\u201d. O caso estava arquivado na Justi\u00e7a paulista desde 2013.<\/p>\n<p style=\"text-align: center;\"><span class=\"h4\">Talento<\/span><br \/>Usando como refer\u00eancia seu talento, o artista pl\u00e1stico Ricardo Barcellos \u00e9 o autor da pintura de tr\u00eas pain\u00e9is em massa acr\u00edlica (com multipigmenta\u00e7\u00e3o) na nova academia de gin\u00e1stica do Clube Bom Pastor. Em 2018, vai mostrar trabalhos em Portugal.<\/p>\n<p style=\"text-align: center;\"><img decoding=\"async\" class=\" size-full wp-image-88177\" src=\"http:\/\/diarioregionaljf.com.br\/wp-content\/uploads\/2017\/12\/diario-int-22479-1.jpg\" alt=\"fotoaa.jpg\" width=\"680\" style=\"display: block; margin-left: auto; margin-right: auto;\" srcset=\"https:\/\/diarioregionaldigital.com.br\/wp-content\/uploads\/2017\/12\/diario-int-22479-1.jpg 680w, https:\/\/diarioregionaldigital.com.br\/wp-content\/uploads\/2017\/12\/diario-int-22479-1-300x199.jpg 300w, https:\/\/diarioregionaldigital.com.br\/wp-content\/uploads\/2017\/12\/diario-int-22479-1-360x238.jpg 360w\" sizes=\"(max-width: 680px) 100vw, 680px\" \/>No Feliz 2018, Marcelle Oliveira e F\u00e1bio Ramos com os filhos Ana Carolina e F\u00e1bio J\u00fanior<\/p>\n<p style=\"text-align: center;\"><img decoding=\"async\" class=\" size-full wp-image-88178\" src=\"http:\/\/diarioregionaljf.com.br\/wp-content\/uploads\/2017\/12\/diario-int-22479-2.jpg\" alt=\"fotobb.jpg\" width=\"680\" style=\"display: block; margin-left: auto; margin-right: auto;\" srcset=\"https:\/\/diarioregionaldigital.com.br\/wp-content\/uploads\/2017\/12\/diario-int-22479-2.jpg 680w, https:\/\/diarioregionaldigital.com.br\/wp-content\/uploads\/2017\/12\/diario-int-22479-2-300x199.jpg 300w, https:\/\/diarioregionaldigital.com.br\/wp-content\/uploads\/2017\/12\/diario-int-22479-2-360x238.jpg 360w\" sizes=\"(max-width: 680px) 100vw, 680px\" \/>Fazendo sucesso com a loja Celular &amp; Cia, Giovanni Ricardo posou com L\u00e9o Mota<\/p>\n<p style=\"text-align: center;\"><img decoding=\"async\" class=\" size-full wp-image-88179\" src=\"http:\/\/diarioregionaljf.com.br\/wp-content\/uploads\/2017\/12\/diario-int-22479-3.jpg\" alt=\"fotocc.jpg\" width=\"680\" style=\"display: block; margin-left: auto; margin-right: auto;\" srcset=\"https:\/\/diarioregionaldigital.com.br\/wp-content\/uploads\/2017\/12\/diario-int-22479-3.jpg 680w, https:\/\/diarioregionaldigital.com.br\/wp-content\/uploads\/2017\/12\/diario-int-22479-3-300x199.jpg 300w, https:\/\/diarioregionaldigital.com.br\/wp-content\/uploads\/2017\/12\/diario-int-22479-3-360x238.jpg 360w\" sizes=\"(max-width: 680px) 100vw, 680px\" \/>Em Dores do Turvo, Vandir Val\u00e9rio (prefeito) e o filho Valdir J\u00fanior<\/p>\n<p style=\"text-align: center;\"><img decoding=\"async\" class=\" size-full wp-image-88180\" src=\"http:\/\/diarioregionaljf.com.br\/wp-content\/uploads\/2017\/12\/diario-int-22479-4.jpg\" alt=\"fotod.jpg\" width=\"680\" style=\"display: block; margin-left: auto; margin-right: auto;\" srcset=\"https:\/\/diarioregionaldigital.com.br\/wp-content\/uploads\/2017\/12\/diario-int-22479-4.jpg 680w, https:\/\/diarioregionaldigital.com.br\/wp-content\/uploads\/2017\/12\/diario-int-22479-4-300x199.jpg 300w, https:\/\/diarioregionaldigital.com.br\/wp-content\/uploads\/2017\/12\/diario-int-22479-4-360x238.jpg 360w\" sizes=\"(max-width: 680px) 100vw, 680px\" \/>Mulheres emponderadas, Fabiana Ten\u00f3rio, Eduarda Andrade, Ana Carolina Santos e Gaya Einlofth<\/p>\n<p style=\"text-align: center;\"><img decoding=\"async\" class=\" size-full wp-image-88181\" src=\"http:\/\/diarioregionaljf.com.br\/wp-content\/uploads\/2017\/12\/diario-int-22479-5.jpg\" alt=\"fotodd.jpg\" width=\"680\" style=\"display: block; margin-left: auto; margin-right: auto;\" srcset=\"https:\/\/diarioregionaldigital.com.br\/wp-content\/uploads\/2017\/12\/diario-int-22479-5.jpg 680w, https:\/\/diarioregionaldigital.com.br\/wp-content\/uploads\/2017\/12\/diario-int-22479-5-300x199.jpg 300w, https:\/\/diarioregionaldigital.com.br\/wp-content\/uploads\/2017\/12\/diario-int-22479-5-360x238.jpg 360w\" sizes=\"(max-width: 680px) 100vw, 680px\" \/>No auge de seus 14 anos, Talisson Goulart<\/p>\n<p style=\"text-align: center;\"><img decoding=\"async\" class=\" size-full wp-image-88182\" src=\"http:\/\/diarioregionaljf.com.br\/wp-content\/uploads\/2017\/12\/diario-int-22479-6.jpg\" alt=\"fotoe.jpg\" width=\"680\" style=\"display: block; margin-left: auto; margin-right: auto;\" srcset=\"https:\/\/diarioregionaldigital.com.br\/wp-content\/uploads\/2017\/12\/diario-int-22479-6.jpg 680w, https:\/\/diarioregionaldigital.com.br\/wp-content\/uploads\/2017\/12\/diario-int-22479-6-300x169.jpg 300w, https:\/\/diarioregionaldigital.com.br\/wp-content\/uploads\/2017\/12\/diario-int-22479-6-360x202.jpg 360w\" sizes=\"(max-width: 680px) 100vw, 680px\" \/>Na Constanza, no Spazio Design, William Matos, Russa Goyat\u00e1 e Tomas Guimar\u00e3es<\/p>\n<p style=\"text-align: center;\"><img decoding=\"async\" class=\" size-full wp-image-88183\" src=\"http:\/\/diarioregionaljf.com.br\/wp-content\/uploads\/2017\/12\/diario-int-22479-7.jpg\" alt=\"fotoee.jpg\" width=\"680\" style=\"display: block; margin-left: auto; margin-right: auto;\" srcset=\"https:\/\/diarioregionaldigital.com.br\/wp-content\/uploads\/2017\/12\/diario-int-22479-7.jpg 680w, https:\/\/diarioregionaldigital.com.br\/wp-content\/uploads\/2017\/12\/diario-int-22479-7-300x199.jpg 300w, https:\/\/diarioregionaldigital.com.br\/wp-content\/uploads\/2017\/12\/diario-int-22479-7-360x238.jpg 360w\" sizes=\"(max-width: 680px) 100vw, 680px\" \/>Comemorando Natal em sua penthouse, Luis Duque com Ant\u00f4nio Puca, Rodrigo Bissoli e Robson Andrade<\/p>\n<p style=\"text-align: center;\"><img decoding=\"async\" class=\" size-full wp-image-88184\" src=\"http:\/\/diarioregionaljf.com.br\/wp-content\/uploads\/2017\/12\/diario-int-22479-8.jpg\" alt=\"fotog.jpg\" width=\"680\" style=\"display: block; margin-left: auto; margin-right: auto;\" srcset=\"https:\/\/diarioregionaldigital.com.br\/wp-content\/uploads\/2017\/12\/diario-int-22479-8.jpg 680w, https:\/\/diarioregionaldigital.com.br\/wp-content\/uploads\/2017\/12\/diario-int-22479-8-272x300.jpg 272w, https:\/\/diarioregionaldigital.com.br\/wp-content\/uploads\/2017\/12\/diario-int-22479-8-360x397.jpg 360w\" sizes=\"(max-width: 680px) 100vw, 680px\" \/>Coiffeur 2017, Rosenberg Frizeiro, do sal\u00e3o PH<\/p>\n<p style=\"text-align: center;\"><img decoding=\"async\" class=\" size-full wp-image-88185\" src=\"http:\/\/diarioregionaljf.com.br\/wp-content\/uploads\/2017\/12\/diario-int-22479-9.jpg\" alt=\"fotoh.jpg\" width=\"680\" style=\"display: block; margin-left: auto; margin-right: auto;\" srcset=\"https:\/\/diarioregionaldigital.com.br\/wp-content\/uploads\/2017\/12\/diario-int-22479-9.jpg 680w, https:\/\/diarioregionaldigital.com.br\/wp-content\/uploads\/2017\/12\/diario-int-22479-9-300x199.jpg 300w, https:\/\/diarioregionaldigital.com.br\/wp-content\/uploads\/2017\/12\/diario-int-22479-9-360x238.jpg 360w\" sizes=\"(max-width: 680px) 100vw, 680px\" \/>Em Trancoso (BA), Igor Oliveira e Patrick Marocco<\/p>\n<p>&nbsp;<\/p>\n<p>&nbsp;<\/p>\n","protected":false},"excerpt":{"rendered":"<p>Natal no PlanaltoMais do que vota\u00e7\u00f5es de projetos, outro fator atraiu deputados a Bras\u00edlia na \u00faltima semana de trabalho no Congresso. Eles passaram a semana batendo de porta em porta na Esplanada, numa \u00faltima tentativa de garantir o empenho (promessa de gasto) de suas emendas ao Or\u00e7amento de 2017. FestaA Juventude dourada marcou presen\u00e7a na [&hellip;]<\/p>\n","protected":false},"author":96,"featured_media":88176,"comment_status":"closed","ping_status":"closed","sticky":false,"template":"","format":"standard","meta":{"footnotes":""},"categories":[264],"tags":[],"class_list":["post-88186","post","type-post","status-publish","format-standard","has-post-thumbnail","hentry","category-eduardo-gomes"],"_links":{"self":[{"href":"https:\/\/diarioregionaldigital.com.br\/index.php?rest_route=\/wp\/v2\/posts\/88186","targetHints":{"allow":["GET"]}}],"collection":[{"href":"https:\/\/diarioregionaldigital.com.br\/index.php?rest_route=\/wp\/v2\/posts"}],"about":[{"href":"https:\/\/diarioregionaldigital.com.br\/index.php?rest_route=\/wp\/v2\/types\/post"}],"author":[{"embeddable":true,"href":"https:\/\/diarioregionaldigital.com.br\/index.php?rest_route=\/wp\/v2\/users\/96"}],"replies":[{"embeddable":true,"href":"https:\/\/diarioregionaldigital.com.br\/index.php?rest_route=%2Fwp%2Fv2%2Fcomments&post=88186"}],"version-history":[{"count":0,"href":"https:\/\/diarioregionaldigital.com.br\/index.php?rest_route=\/wp\/v2\/posts\/88186\/revisions"}],"wp:featuredmedia":[{"embeddable":true,"href":"https:\/\/diarioregionaldigital.com.br\/index.php?rest_route=\/wp\/v2\/media\/88176"}],"wp:attachment":[{"href":"https:\/\/diarioregionaldigital.com.br\/index.php?rest_route=%2Fwp%2Fv2%2Fmedia&parent=88186"}],"wp:term":[{"taxonomy":"category","embeddable":true,"href":"https:\/\/diarioregionaldigital.com.br\/index.php?rest_route=%2Fwp%2Fv2%2Fcategories&post=88186"},{"taxonomy":"post_tag","embeddable":true,"href":"https:\/\/diarioregionaldigital.com.br\/index.php?rest_route=%2Fwp%2Fv2%2Ftags&post=88186"}],"curies":[{"name":"wp","href":"https:\/\/api.w.org\/{rel}","templated":true}]}}