{"id":88175,"date":"2017-12-26T19:24:48","date_gmt":"2017-12-26T21:24:48","guid":{"rendered":"http:\/\/diarioregionaljf.com.br\/2017\/12\/26\/samu-cisru-oferece-269-vagas-com-salarios-de-ate-r-7-050\/"},"modified":"2017-12-26T19:24:48","modified_gmt":"2017-12-26T21:24:48","slug":"samu-cisru-oferece-269-vagas-com-salarios-de-ate-r-7-050","status":"publish","type":"post","link":"https:\/\/diarioregionaldigital.com.br\/?p=88175","title":{"rendered":"SAMU CISRU oferece 269 vagas com sal\u00e1rios de at\u00e9 R$7.050"},"content":{"rendered":"<p>O Cons\u00f3rcio Intermunicipal de Sa\u00fade da Rede de Urg\u00eancia Centro Sul, em Minas Gerais, est\u00e1 com inscri\u00e7\u00f5es abertas para concurso p\u00fablico (Edital 1\u00ba\/2017) que visa o preenchimento de 269 vagas e a forma\u00e7\u00e3o de cadastro reserva em cargos de n\u00edveis m\u00e9dio, t\u00e9cnico e superior. Do total de oportunidades, 13 ser\u00e3o destinadas \u00e0 portadores de defici\u00eancia. Os sal\u00e1rios variam entre R$954,80 e R$7.050.<\/p>\n<p>As vagas de n\u00edvel m\u00e9dio s\u00e3o para as fun\u00e7\u00f5es de Auxiliar Administrativo, Auxiliar de Regula\u00e7\u00e3o M\u00e9dica, Condutor Socorrista, Operador de Frota e Auxiliar de Farm\u00e1cia; as de n\u00edvel t\u00e9cnico s\u00e3o para as \u00e1reas de Enfermagem e Seguran\u00e7a do Trabalho; e as de n\u00edvel superior s\u00e3o para os cargos de Assistente Administrativo, Enfermeiro, Farmac\u00eautico, M\u00e9dico, Psic\u00f3logo e Analista Administrativo.<\/p>\n<p>Os profissionais ir\u00e3o atuar nos munic\u00edpios de Barbacena, Alto Rio Doce, Caranda\u00ed, Ibertioga, Conselheiro Lafaiete, Congonhas, Entre Rios de Minas, Ouro Branco, Piranga, Rio Espera, Barroso, Lagoa Dourada, Nazareno, Madre Deus de Minas, Resende Costa, S\u00e3o Jo\u00e3o del Rei, S\u00e3o Tiago e Tiradentes.<\/p>\n<p>&nbsp;<\/p>\n<h4>INSCRI\u00c7\u00d5ES<\/h4>\n<p>Os interessados em concorrer a uma da vagas devem se inscrever at\u00e9 \u00e0s 15h59 do dia 19 de janeiro de 2018, no <a href=\"http:\/\/www.ibgpconcursos.com.br\/concursos\/DetalheConcurso.aspx?id=46\" target=\"_blank\" rel=\"noopener noreferrer\">site oficial da organizadora<\/a>. A taxa de inscri\u00e7\u00e3o varia entre R$45 e R$150.<\/p>\n<p>&nbsp;<\/p>\n<h4>SELE\u00c7\u00c3O<\/h4>\n<p>O processo seletivo ser\u00e1 composto de tr\u00eas etapas: prova objetiva (m\u00faltipla escolha), prova de t\u00edtulos e prova pr\u00e1tica (somente para os cargos de Condutor Socorrista, T\u00e9cnico em Enfermagem, Enfermeiro e M\u00e9dico). Os locais e datas dos exames ser\u00e3o divulgados no site da organizadora.<\/p>\n","protected":false},"excerpt":{"rendered":"<p>O Cons\u00f3rcio Intermunicipal de Sa\u00fade da Rede de Urg\u00eancia Centro Sul, em Minas Gerais, est\u00e1 com inscri\u00e7\u00f5es abertas para concurso p\u00fablico (Edital 1\u00ba\/2017) que visa o preenchimento de 269 vagas e a forma\u00e7\u00e3o de cadastro reserva em cargos de n\u00edveis m\u00e9dio, t\u00e9cnico e superior. Do total de oportunidades, 13 ser\u00e3o destinadas \u00e0 portadores de defici\u00eancia. [&hellip;]<\/p>\n","protected":false},"author":96,"featured_media":88174,"comment_status":"closed","ping_status":"closed","sticky":false,"template":"","format":"standard","meta":{"footnotes":""},"categories":[280],"tags":[],"class_list":["post-88175","post","type-post","status-publish","format-standard","has-post-thumbnail","hentry","category-concurso"],"_links":{"self":[{"href":"https:\/\/diarioregionaldigital.com.br\/index.php?rest_route=\/wp\/v2\/posts\/88175","targetHints":{"allow":["GET"]}}],"collection":[{"href":"https:\/\/diarioregionaldigital.com.br\/index.php?rest_route=\/wp\/v2\/posts"}],"about":[{"href":"https:\/\/diarioregionaldigital.com.br\/index.php?rest_route=\/wp\/v2\/types\/post"}],"author":[{"embeddable":true,"href":"https:\/\/diarioregionaldigital.com.br\/index.php?rest_route=\/wp\/v2\/users\/96"}],"replies":[{"embeddable":true,"href":"https:\/\/diarioregionaldigital.com.br\/index.php?rest_route=%2Fwp%2Fv2%2Fcomments&post=88175"}],"version-history":[{"count":0,"href":"https:\/\/diarioregionaldigital.com.br\/index.php?rest_route=\/wp\/v2\/posts\/88175\/revisions"}],"wp:featuredmedia":[{"embeddable":true,"href":"https:\/\/diarioregionaldigital.com.br\/index.php?rest_route=\/wp\/v2\/media\/88174"}],"wp:attachment":[{"href":"https:\/\/diarioregionaldigital.com.br\/index.php?rest_route=%2Fwp%2Fv2%2Fmedia&parent=88175"}],"wp:term":[{"taxonomy":"category","embeddable":true,"href":"https:\/\/diarioregionaldigital.com.br\/index.php?rest_route=%2Fwp%2Fv2%2Fcategories&post=88175"},{"taxonomy":"post_tag","embeddable":true,"href":"https:\/\/diarioregionaldigital.com.br\/index.php?rest_route=%2Fwp%2Fv2%2Ftags&post=88175"}],"curies":[{"name":"wp","href":"https:\/\/api.w.org\/{rel}","templated":true}]}}