{"id":88173,"date":"2017-12-26T18:52:45","date_gmt":"2017-12-26T20:52:45","guid":{"rendered":"http:\/\/diarioregionaljf.com.br\/2017\/12\/26\/homem-morre-em-acidente-na-br-265\/"},"modified":"2017-12-26T18:52:45","modified_gmt":"2017-12-26T20:52:45","slug":"homem-morre-em-acidente-na-br-265","status":"publish","type":"post","link":"https:\/\/diarioregionaldigital.com.br\/?p=88173","title":{"rendered":"Homem morre em acidente na BR-265"},"content":{"rendered":"<p>Um homem morreu ap\u00f3s o carro em que estava bater de frente com um caminh\u00e3o, na BR-265, entre os munic\u00edpios de Barroso e Barbacena, no final da tarde dessa segunda-feira, 25.<\/p>\n<p>Segundo informa\u00e7\u00f5es do portal Barroso em Dia, populares relataram que um caminh\u00e3o de combust\u00edvel, que seguia em sentido \u00e0 referida cidade, atingiu um ve\u00edculo de passeio, que vinha na dire\u00e7\u00e3o contr\u00e1ria. A for\u00e7a da colis\u00e3o teria arrancado parte do teto do ve\u00edculo e a porta do motorista, que n\u00e3o resistiu e morreu no local.<\/p>\n<p>A Pol\u00edcia Rodovi\u00e1ria Federal (PRF) e o Corpo de Bombeiros estiveram no local e a pista chegou a ficar parcialmente interditada. Chovia no momento da colis\u00e3o.<\/p>\n<p>&nbsp;<\/p>\n<p>Da reda\u00e7\u00e3o\/ Colabora\u00e7\u00e3o Barroso Em Dia<\/p>\n","protected":false},"excerpt":{"rendered":"<p>Um homem morreu ap\u00f3s o carro em que estava bater de frente com um caminh\u00e3o, na BR-265, entre os munic\u00edpios de Barroso e Barbacena, no final da tarde dessa segunda-feira, 25. Segundo informa\u00e7\u00f5es do portal Barroso em Dia, populares relataram que um caminh\u00e3o de combust\u00edvel, que seguia em sentido \u00e0 referida cidade, atingiu um ve\u00edculo [&hellip;]<\/p>\n","protected":false},"author":96,"featured_media":88172,"comment_status":"closed","ping_status":"closed","sticky":false,"template":"","format":"standard","meta":{"footnotes":""},"categories":[252],"tags":[],"class_list":["post-88173","post","type-post","status-publish","format-standard","has-post-thumbnail","hentry","category-regiao"],"_links":{"self":[{"href":"https:\/\/diarioregionaldigital.com.br\/index.php?rest_route=\/wp\/v2\/posts\/88173","targetHints":{"allow":["GET"]}}],"collection":[{"href":"https:\/\/diarioregionaldigital.com.br\/index.php?rest_route=\/wp\/v2\/posts"}],"about":[{"href":"https:\/\/diarioregionaldigital.com.br\/index.php?rest_route=\/wp\/v2\/types\/post"}],"author":[{"embeddable":true,"href":"https:\/\/diarioregionaldigital.com.br\/index.php?rest_route=\/wp\/v2\/users\/96"}],"replies":[{"embeddable":true,"href":"https:\/\/diarioregionaldigital.com.br\/index.php?rest_route=%2Fwp%2Fv2%2Fcomments&post=88173"}],"version-history":[{"count":0,"href":"https:\/\/diarioregionaldigital.com.br\/index.php?rest_route=\/wp\/v2\/posts\/88173\/revisions"}],"wp:featuredmedia":[{"embeddable":true,"href":"https:\/\/diarioregionaldigital.com.br\/index.php?rest_route=\/wp\/v2\/media\/88172"}],"wp:attachment":[{"href":"https:\/\/diarioregionaldigital.com.br\/index.php?rest_route=%2Fwp%2Fv2%2Fmedia&parent=88173"}],"wp:term":[{"taxonomy":"category","embeddable":true,"href":"https:\/\/diarioregionaldigital.com.br\/index.php?rest_route=%2Fwp%2Fv2%2Fcategories&post=88173"},{"taxonomy":"post_tag","embeddable":true,"href":"https:\/\/diarioregionaldigital.com.br\/index.php?rest_route=%2Fwp%2Fv2%2Ftags&post=88173"}],"curies":[{"name":"wp","href":"https:\/\/api.w.org\/{rel}","templated":true}]}}