{"id":88171,"date":"2017-12-26T18:32:01","date_gmt":"2017-12-26T20:32:01","guid":{"rendered":"http:\/\/diarioregionaljf.com.br\/2017\/12\/26\/governador-sanciona-lei-que-cria-a-politica-estadual-de-turismo\/"},"modified":"2017-12-26T18:32:01","modified_gmt":"2017-12-26T20:32:01","slug":"governador-sanciona-lei-que-cria-a-politica-estadual-de-turismo","status":"publish","type":"post","link":"https:\/\/diarioregionaldigital.com.br\/?p=88171","title":{"rendered":"Governador sanciona lei que cria a Pol\u00edtica Estadual de Turismo"},"content":{"rendered":"<p><a href=\"http:\/\/jornal.iof.mg.gov.br\/xmlui\/handle\/123456789\/192922\" target=\"_blank\" rel=\"noopener noreferrer\">Decreto<\/a> assinado pelo governador Fernando Pimentel e publicado no<a href=\"http:\/\/www.iof.mg.gov.br\/\" target=\"_blank\" rel=\"noopener noreferrer\"> Di\u00e1rio Oficial do Estado<\/a> na semana passada instituiu a Pol\u00edtica Estadual de Turismo. O Projeto de Lei 3.844\/16, que cria a nova pol\u00edtica p\u00fablica estadual, j\u00e1 havia sido aprovado em segundo turno na Assembleia Legislativa de Minas Gerais (ALMG).<\/p>\n<p>De acordo com decreto, a Pol\u00edtica Estadual de Turismo tem o objetivo de implementar mecanismos destinados ao planejamento, desenvolvimento e est\u00edmulo do setor em Minas Gerais. A ideia \u00e9 de democratizar o acesso ao turismo, reduzir as disparidades sociais e econ\u00f4micas de ordem regional, ampliar os fluxos tur\u00edsticos, propiciar a pr\u00e1tica de turismo sustent\u00e1vel, descentralizar e regionalizar o turismo, dentre outros objetivos.<\/p>\n<p>O texto prev\u00ea, ainda, a cria\u00e7\u00e3o do Sistema Estadual de Turismo, que ter\u00e1 a miss\u00e3o de propor planos, programas, projetos e a\u00e7\u00f5es voltadas para o turismo no estado e para a melhoria cont\u00ednua da pol\u00edtica p\u00fablica. Al\u00e9m disso, reconhece os circuitos tur\u00edsticos como representantes da pol\u00edtica de regionaliza\u00e7\u00e3o e legaliza o <a href=\"https:\/\/www.observatorioturismo.mg.gov.br\/\" target=\"_blank\" rel=\"noopener noreferrer\">Observat\u00f3rio do Turismo de Minas Gerais<\/a> como uma ferramenta de pesquisa.<\/p>\n<p>\u201cCom essa lei, \u00e9 a primeira legisla\u00e7\u00e3o que reconhece os circuitos tur\u00edsticos do estado de Minas Gerais. Os circuitos s\u00e3o inst\u00e2ncias de governan\u00e7a, \u00e9 o bra\u00e7o da secretaria para que possamos chegar em todos os munic\u00edpios mineiros. Estamos felizes e gostar\u00edamos de dividir com toda cadeia produtiva do turismo essa conquista\u201d, enfatiza o secret\u00e1rio de Estado de Turismo de Minas Gerais, Ricardo Faria.<\/p>\n<p>Segundo o decreto, os circuitos tur\u00edsticos passam a ser os respons\u00e1veis pela articula\u00e7\u00e3o de a\u00e7\u00f5es e pelo levantamento de necessidades locais, apoiando a gest\u00e3o, a estrutura\u00e7\u00e3o e a promo\u00e7\u00e3o do turismo em uma regi\u00e3o. Os circuitos tur\u00edsticos ser\u00e3o certificados e reconhecidos como integrantes do Sistema Estadual de Turismo, o que vai facilitar a descentraliza\u00e7\u00e3o e a regionaliza\u00e7\u00e3o das a\u00e7\u00f5es.<\/p>\n<p>&nbsp;<\/p>\n<p>Fonte: Ag\u00eancia Minas<\/p>\n","protected":false},"excerpt":{"rendered":"<p>Decreto assinado pelo governador Fernando Pimentel e publicado no Di\u00e1rio Oficial do Estado na semana passada instituiu a Pol\u00edtica Estadual de Turismo. O Projeto de Lei 3.844\/16, que cria a nova pol\u00edtica p\u00fablica estadual, j\u00e1 havia sido aprovado em segundo turno na Assembleia Legislativa de Minas Gerais (ALMG). De acordo com decreto, a Pol\u00edtica Estadual [&hellip;]<\/p>\n","protected":false},"author":96,"featured_media":88170,"comment_status":"closed","ping_status":"closed","sticky":false,"template":"","format":"standard","meta":{"footnotes":""},"categories":[252],"tags":[],"class_list":["post-88171","post","type-post","status-publish","format-standard","has-post-thumbnail","hentry","category-regiao"],"_links":{"self":[{"href":"https:\/\/diarioregionaldigital.com.br\/index.php?rest_route=\/wp\/v2\/posts\/88171","targetHints":{"allow":["GET"]}}],"collection":[{"href":"https:\/\/diarioregionaldigital.com.br\/index.php?rest_route=\/wp\/v2\/posts"}],"about":[{"href":"https:\/\/diarioregionaldigital.com.br\/index.php?rest_route=\/wp\/v2\/types\/post"}],"author":[{"embeddable":true,"href":"https:\/\/diarioregionaldigital.com.br\/index.php?rest_route=\/wp\/v2\/users\/96"}],"replies":[{"embeddable":true,"href":"https:\/\/diarioregionaldigital.com.br\/index.php?rest_route=%2Fwp%2Fv2%2Fcomments&post=88171"}],"version-history":[{"count":0,"href":"https:\/\/diarioregionaldigital.com.br\/index.php?rest_route=\/wp\/v2\/posts\/88171\/revisions"}],"wp:featuredmedia":[{"embeddable":true,"href":"https:\/\/diarioregionaldigital.com.br\/index.php?rest_route=\/wp\/v2\/media\/88170"}],"wp:attachment":[{"href":"https:\/\/diarioregionaldigital.com.br\/index.php?rest_route=%2Fwp%2Fv2%2Fmedia&parent=88171"}],"wp:term":[{"taxonomy":"category","embeddable":true,"href":"https:\/\/diarioregionaldigital.com.br\/index.php?rest_route=%2Fwp%2Fv2%2Fcategories&post=88171"},{"taxonomy":"post_tag","embeddable":true,"href":"https:\/\/diarioregionaldigital.com.br\/index.php?rest_route=%2Fwp%2Fv2%2Ftags&post=88171"}],"curies":[{"name":"wp","href":"https:\/\/api.w.org\/{rel}","templated":true}]}}