{"id":88169,"date":"2017-12-26T17:58:46","date_gmt":"2017-12-26T19:58:46","guid":{"rendered":"http:\/\/diarioregionaljf.com.br\/2017\/12\/26\/prazo-para-inscricao-de-beneficiarios-do-bpc-no-cadastro-unico-e-prorrogado\/"},"modified":"2017-12-26T17:58:46","modified_gmt":"2017-12-26T19:58:46","slug":"prazo-para-inscricao-de-beneficiarios-do-bpc-no-cadastro-unico-e-prorrogado","status":"publish","type":"post","link":"https:\/\/diarioregionaldigital.com.br\/?p=88169","title":{"rendered":"Prazo para inscri\u00e7\u00e3o de benefici\u00e1rios do BPC no Cadastro \u00danico \u00e9 prorrogado"},"content":{"rendered":"<p>Os idosos acima de 65 anos que recebem o Benef\u00edcio de Presta\u00e7\u00e3o Continuada (BPC) t\u00eam at\u00e9 dezembro de 2018 para se inscrever no Cadastro \u00danico para Programas Sociais do Governo Federal. A Portaria Interministerial n\u00b0 5\/2017 com a prorroga\u00e7\u00e3o do prazo foi publicada nesta ter\u00e7a-feira, 26, no Di\u00e1rio Oficial da Uni\u00e3o. Inicialmente, o prazo se encerraria em 31 de dezembro de 2017.<\/p>\n<p>O cadastramento pode ser feito nos Centros de Refer\u00eancia de Assist\u00eancia Social (Cras) ou nas secretarias de assist\u00eancia social dos munic\u00edpios. Caso o benefici\u00e1rio tenha alguma dificuldade de deslocamento, a inscri\u00e7\u00e3o pode ser feita pelo respons\u00e1vel familiar, desde que se apresente o CPF de todas as pessoas que moram na resid\u00eancia com o benefici\u00e1rio.<\/p>\n<p>Segundo o Minist\u00e9rio do Desenvolvimento Social, a medida cumpre uma recomenda\u00e7\u00e3o do Tribunal de Contas da Uni\u00e3o (TCU) e vai aperfei\u00e7oar a gest\u00e3o dos benef\u00edcios sociais.<\/p>\n<p>O Cadastro \u00danico \u00e9 um instrumento que identifica as fam\u00edlias de baixa renda, permitindo que o governo conhe\u00e7a a realidade socioecon\u00f4mica de cada uma delas. Nele, s\u00e3o registradas as caracter\u00edsticas da resid\u00eancia, a identifica\u00e7\u00e3o de cada pessoa, a escolaridade, a situa\u00e7\u00e3o de trabalho e renda, entre outras informa\u00e7\u00f5es. Mais de 20 programas sociais utilizam o cadastramento \u00fanico.<\/p>\n<p>Segundo o minist\u00e9rio, em novembro, mais de 4,5 milh\u00f5es de pessoas receberam o BPC. Destes, 2 milh\u00f5es s\u00e3o idosos e 2,5 milh\u00f5es s\u00e3o pessoas com defici\u00eancia. Do total, mais de 2,3 milh\u00f5es j\u00e1 est\u00e3o no Cadastro \u00danico e 2,1 milh\u00f5es ainda precisavam realizar o cadastramento.<\/p>\n<p>&nbsp;<\/p>\n<p>Fonte: Ag\u00eancia Brasil<\/p>\n","protected":false},"excerpt":{"rendered":"<p>Os idosos acima de 65 anos que recebem o Benef\u00edcio de Presta\u00e7\u00e3o Continuada (BPC) t\u00eam at\u00e9 dezembro de 2018 para se inscrever no Cadastro \u00danico para Programas Sociais do Governo Federal. A Portaria Interministerial n\u00b0 5\/2017 com a prorroga\u00e7\u00e3o do prazo foi publicada nesta ter\u00e7a-feira, 26, no Di\u00e1rio Oficial da Uni\u00e3o. Inicialmente, o prazo se [&hellip;]<\/p>\n","protected":false},"author":96,"featured_media":88168,"comment_status":"closed","ping_status":"closed","sticky":false,"template":"","format":"standard","meta":{"footnotes":""},"categories":[302],"tags":[],"class_list":["post-88169","post","type-post","status-publish","format-standard","has-post-thumbnail","hentry","category-brasil-mundo"],"_links":{"self":[{"href":"https:\/\/diarioregionaldigital.com.br\/index.php?rest_route=\/wp\/v2\/posts\/88169","targetHints":{"allow":["GET"]}}],"collection":[{"href":"https:\/\/diarioregionaldigital.com.br\/index.php?rest_route=\/wp\/v2\/posts"}],"about":[{"href":"https:\/\/diarioregionaldigital.com.br\/index.php?rest_route=\/wp\/v2\/types\/post"}],"author":[{"embeddable":true,"href":"https:\/\/diarioregionaldigital.com.br\/index.php?rest_route=\/wp\/v2\/users\/96"}],"replies":[{"embeddable":true,"href":"https:\/\/diarioregionaldigital.com.br\/index.php?rest_route=%2Fwp%2Fv2%2Fcomments&post=88169"}],"version-history":[{"count":0,"href":"https:\/\/diarioregionaldigital.com.br\/index.php?rest_route=\/wp\/v2\/posts\/88169\/revisions"}],"wp:featuredmedia":[{"embeddable":true,"href":"https:\/\/diarioregionaldigital.com.br\/index.php?rest_route=\/wp\/v2\/media\/88168"}],"wp:attachment":[{"href":"https:\/\/diarioregionaldigital.com.br\/index.php?rest_route=%2Fwp%2Fv2%2Fmedia&parent=88169"}],"wp:term":[{"taxonomy":"category","embeddable":true,"href":"https:\/\/diarioregionaldigital.com.br\/index.php?rest_route=%2Fwp%2Fv2%2Fcategories&post=88169"},{"taxonomy":"post_tag","embeddable":true,"href":"https:\/\/diarioregionaldigital.com.br\/index.php?rest_route=%2Fwp%2Fv2%2Ftags&post=88169"}],"curies":[{"name":"wp","href":"https:\/\/api.w.org\/{rel}","templated":true}]}}