{"id":88167,"date":"2017-12-26T17:47:27","date_gmt":"2017-12-26T19:47:27","guid":{"rendered":"http:\/\/diarioregionaljf.com.br\/2017\/12\/26\/ceu-zona-norte-amplia-oferta-de-emprestimos-de-quadras-e-artigos-esportivos\/"},"modified":"2017-12-26T17:47:27","modified_gmt":"2017-12-26T19:47:27","slug":"ceu-zona-norte-amplia-oferta-de-emprestimos-de-quadras-e-artigos-esportivos","status":"publish","type":"post","link":"https:\/\/diarioregionaldigital.com.br\/?p=88167","title":{"rendered":"CEU\/Zona Norte amplia oferta de empr\u00e9stimos de quadras e artigos esportivos"},"content":{"rendered":"<p>Devido ao per\u00edodo de f\u00e9rias das oficinas oferecidas gratuitamente \u00e0 popula\u00e7\u00e3o, o Centro de Artes e Esportes Unificados Coronel \u201cAdelmir Romualdo de Oliveira\u201d (CEU\/Zona Norte) aumentou a oferta de empr\u00e9stimos das quadras coberta e de areia. At\u00e9 o fim de janeiro, estar\u00e3o dispon\u00edveis 320 agendamentos, de at\u00e9 uma hora e meia por grupo, para cada equipamento. A reserva \u00e9 feita na secretaria do local, de segunda a sexta-feira, das 7h \u00e0s 22h, aos s\u00e1bados, das 11h \u00e0s 20h, e aos domingos, das 10h \u00e0s 19h.<\/p>\n<p>De acordo com o coordenador-geral do espa\u00e7o, Andr\u00e9 Noronha, para que haja rotatividade de grupos e pessoas usando os locais, foram criadas duas regras: cada grupo s\u00f3 pode realizar o agendamento de, no m\u00e1ximo, dois hor\u00e1rios por m\u00eas, e a marca\u00e7\u00e3o s\u00f3 pode ser feita para at\u00e9 uma semana depois. \u201cOu seja, se a pessoa vai at\u00e9 a secretaria do CEU hoje para agendar, ela tem que escolher algum hor\u00e1rio dispon\u00edvel nos pr\u00f3ximos sete dias\u201d, explicou.<\/p>\n<p>O CEU oferece, tamb\u00e9m, sem custo, material para a realiza\u00e7\u00e3o de atividades, como bolas de basquete, v\u00f4lei e futsal, redes, raquetes, entre outros. Para utiliz\u00e1-los, \u00e9 preciso deixar documento de identidade na secretaria durante o uso. J\u00e1 para a mesa de t\u00eanis, n\u00e3o \u00e9 necess\u00e1rio o agendamento. Por ser uma atividade din\u00e2mica, o tempo de uso \u00e9 determinado de acordo com a dura\u00e7\u00e3o da partida. De acordo com dados fornecidos pela coordena\u00e7\u00e3o do Centro de Artes e Esportes, atualmente, s\u00e3o cerca de 80 empr\u00e9stimos di\u00e1rios da mesa para a comunidade, incluindo rede, raquete e bolinhas. O local promove tamb\u00e9m, trimestralmente, os \u201cdesafios de t\u00eanis de mesa\u201d, para integrar os frequentadores do CEU, que demonstram grande interesse pela modalidade.<\/p>\n<p>O CEU\/Zona Norte oferece outros espa\u00e7os para lazer e pr\u00e1tica de atividades f\u00edsicas que n\u00e3o precisam de agendamento pr\u00e9vio, como academia ao ar livre, pistas de skate e de caminhada e parquinho. O equipamento urbano est\u00e1 localizado na Avenida Juscelino Kubitschek, n\u00ba5.899, bairro Benfica.<\/p>\n<p>&nbsp;<\/p>\n<p>Fonte: Assessoria<\/p>\n","protected":false},"excerpt":{"rendered":"<p>Devido ao per\u00edodo de f\u00e9rias das oficinas oferecidas gratuitamente \u00e0 popula\u00e7\u00e3o, o Centro de Artes e Esportes Unificados Coronel \u201cAdelmir Romualdo de Oliveira\u201d (CEU\/Zona Norte) aumentou a oferta de empr\u00e9stimos das quadras coberta e de areia. At\u00e9 o fim de janeiro, estar\u00e3o dispon\u00edveis 320 agendamentos, de at\u00e9 uma hora e meia por grupo, para cada [&hellip;]<\/p>\n","protected":false},"author":96,"featured_media":88166,"comment_status":"closed","ping_status":"closed","sticky":false,"template":"","format":"standard","meta":{"footnotes":""},"categories":[262],"tags":[],"class_list":["post-88167","post","type-post","status-publish","format-standard","has-post-thumbnail","hentry","category-noticias"],"_links":{"self":[{"href":"https:\/\/diarioregionaldigital.com.br\/index.php?rest_route=\/wp\/v2\/posts\/88167","targetHints":{"allow":["GET"]}}],"collection":[{"href":"https:\/\/diarioregionaldigital.com.br\/index.php?rest_route=\/wp\/v2\/posts"}],"about":[{"href":"https:\/\/diarioregionaldigital.com.br\/index.php?rest_route=\/wp\/v2\/types\/post"}],"author":[{"embeddable":true,"href":"https:\/\/diarioregionaldigital.com.br\/index.php?rest_route=\/wp\/v2\/users\/96"}],"replies":[{"embeddable":true,"href":"https:\/\/diarioregionaldigital.com.br\/index.php?rest_route=%2Fwp%2Fv2%2Fcomments&post=88167"}],"version-history":[{"count":0,"href":"https:\/\/diarioregionaldigital.com.br\/index.php?rest_route=\/wp\/v2\/posts\/88167\/revisions"}],"wp:featuredmedia":[{"embeddable":true,"href":"https:\/\/diarioregionaldigital.com.br\/index.php?rest_route=\/wp\/v2\/media\/88166"}],"wp:attachment":[{"href":"https:\/\/diarioregionaldigital.com.br\/index.php?rest_route=%2Fwp%2Fv2%2Fmedia&parent=88167"}],"wp:term":[{"taxonomy":"category","embeddable":true,"href":"https:\/\/diarioregionaldigital.com.br\/index.php?rest_route=%2Fwp%2Fv2%2Fcategories&post=88167"},{"taxonomy":"post_tag","embeddable":true,"href":"https:\/\/diarioregionaldigital.com.br\/index.php?rest_route=%2Fwp%2Fv2%2Ftags&post=88167"}],"curies":[{"name":"wp","href":"https:\/\/api.w.org\/{rel}","templated":true}]}}