{"id":88165,"date":"2017-12-26T17:37:46","date_gmt":"2017-12-26T19:37:46","guid":{"rendered":"http:\/\/diarioregionaljf.com.br\/2017\/12\/26\/menina-de-oito-anos-sofre-ferimentos-leves-apos-ser-atropelada-no-recanto-dos-lagos\/"},"modified":"2017-12-26T17:37:46","modified_gmt":"2017-12-26T19:37:46","slug":"menina-de-oito-anos-sofre-ferimentos-leves-apos-ser-atropelada-no-recanto-dos-lagos","status":"publish","type":"post","link":"https:\/\/diarioregionaldigital.com.br\/?p=88165","title":{"rendered":"Menina de oito anos sofre ferimentos leves ap\u00f3s ser atropelada no Recanto dos Lagos"},"content":{"rendered":"<p>Uma menina de oito anos foi atropelada ao atravessar uma rua no bairro Recanto dos Lagos, regi\u00e3o Nordeste de Juiz de Fora, na tarde dessa segunda-feira, 25.<\/p>\n<p>Segundo informa\u00e7\u00f5es da Pol\u00edcia Militar (PM), o condutor do ve\u00edculo, um jovem de 27 anos, informou que se deslocava pela Rua Vale Verde, quando, ao se desviar de um \u00f4nibus que estava parado em seu ponto final, a v\u00edtima saiu repentinamente de tr\u00e1s do coletivo e entrou na frente do ve\u00edculo.<\/p>\n<p>O motorista n\u00e3o conseguiu evitar o atropelamento. Ele socorreu a menina, que sofreu apenas escoria\u00e7\u00f5es pelo corpo, conduzindo-a ao Hospital de Pronto Socorro (HPS).<\/p>\n<p>As informa\u00e7\u00f5es foram confirmadas pelo av\u00f4 da v\u00edtima, que tamb\u00e9m estava no local do acidente.<\/p>\n","protected":false},"excerpt":{"rendered":"<p>Uma menina de oito anos foi atropelada ao atravessar uma rua no bairro Recanto dos Lagos, regi\u00e3o Nordeste de Juiz de Fora, na tarde dessa segunda-feira, 25. Segundo informa\u00e7\u00f5es da Pol\u00edcia Militar (PM), o condutor do ve\u00edculo, um jovem de 27 anos, informou que se deslocava pela Rua Vale Verde, quando, ao se desviar de [&hellip;]<\/p>\n","protected":false},"author":96,"featured_media":88164,"comment_status":"closed","ping_status":"closed","sticky":false,"template":"","format":"standard","meta":{"footnotes":""},"categories":[301],"tags":[],"class_list":["post-88165","post","type-post","status-publish","format-standard","has-post-thumbnail","hentry","category-artigos-policiais"],"_links":{"self":[{"href":"https:\/\/diarioregionaldigital.com.br\/index.php?rest_route=\/wp\/v2\/posts\/88165","targetHints":{"allow":["GET"]}}],"collection":[{"href":"https:\/\/diarioregionaldigital.com.br\/index.php?rest_route=\/wp\/v2\/posts"}],"about":[{"href":"https:\/\/diarioregionaldigital.com.br\/index.php?rest_route=\/wp\/v2\/types\/post"}],"author":[{"embeddable":true,"href":"https:\/\/diarioregionaldigital.com.br\/index.php?rest_route=\/wp\/v2\/users\/96"}],"replies":[{"embeddable":true,"href":"https:\/\/diarioregionaldigital.com.br\/index.php?rest_route=%2Fwp%2Fv2%2Fcomments&post=88165"}],"version-history":[{"count":0,"href":"https:\/\/diarioregionaldigital.com.br\/index.php?rest_route=\/wp\/v2\/posts\/88165\/revisions"}],"wp:featuredmedia":[{"embeddable":true,"href":"https:\/\/diarioregionaldigital.com.br\/index.php?rest_route=\/wp\/v2\/media\/88164"}],"wp:attachment":[{"href":"https:\/\/diarioregionaldigital.com.br\/index.php?rest_route=%2Fwp%2Fv2%2Fmedia&parent=88165"}],"wp:term":[{"taxonomy":"category","embeddable":true,"href":"https:\/\/diarioregionaldigital.com.br\/index.php?rest_route=%2Fwp%2Fv2%2Fcategories&post=88165"},{"taxonomy":"post_tag","embeddable":true,"href":"https:\/\/diarioregionaldigital.com.br\/index.php?rest_route=%2Fwp%2Fv2%2Ftags&post=88165"}],"curies":[{"name":"wp","href":"https:\/\/api.w.org\/{rel}","templated":true}]}}