{"id":88163,"date":"2017-12-26T16:56:55","date_gmt":"2017-12-26T18:56:55","guid":{"rendered":"http:\/\/diarioregionaljf.com.br\/2017\/12\/26\/homem-e-esfaqueado-durante-briga-com-cinco-individuos\/"},"modified":"2017-12-26T16:56:55","modified_gmt":"2017-12-26T18:56:55","slug":"homem-e-esfaqueado-durante-briga-com-cinco-individuos","status":"publish","type":"post","link":"https:\/\/diarioregionaldigital.com.br\/?p=88163","title":{"rendered":"Homem \u00e9 esfaqueado durante briga com cinco indiv\u00edduos"},"content":{"rendered":"<p>Um homem de 35 anos de idade recebeu 5 facadas na madrugada desta segunda-feira, 25, durante uma briga com outras cinco pessoas no Bairro Quinta Resid\u00eancia, em Leopoldina. Segundo a Pol\u00edcia Militar, a v\u00edtima relatou que entrou em luta corporal com os indiv\u00edduos e que um deles lhe desferiu golpes de faca nos bra\u00e7os e t\u00f3rax.<\/p>\n<p>O caso ocorreu por volta das 4h, na Rua Ant\u00f4nio Fernandes Valentim. O homem foi socorrido no Pronto-Socorro Municipal da Casa de Caridade Leopoldinense e encaminhado para o Centro Cir\u00fargico. A v\u00edtima ainda informou \u00e0 PM que n\u00e3o sabe quem s\u00e3o os autores.<\/p>\n<p>O Caso foi encaminhado para a Delegacia Regional de Pol\u00edcia Civil de Leopoldina.<\/p>\n<hr \/>\n<p>&nbsp;Fonte: O Vigilante Online<\/p>\n","protected":false},"excerpt":{"rendered":"<p>Um homem de 35 anos de idade recebeu 5 facadas na madrugada desta segunda-feira, 25, durante uma briga com outras cinco pessoas no Bairro Quinta Resid\u00eancia, em Leopoldina. Segundo a Pol\u00edcia Militar, a v\u00edtima relatou que entrou em luta corporal com os indiv\u00edduos e que um deles lhe desferiu golpes de faca nos bra\u00e7os e [&hellip;]<\/p>\n","protected":false},"author":96,"featured_media":88162,"comment_status":"closed","ping_status":"closed","sticky":false,"template":"","format":"standard","meta":{"footnotes":""},"categories":[252],"tags":[],"class_list":["post-88163","post","type-post","status-publish","format-standard","has-post-thumbnail","hentry","category-regiao"],"_links":{"self":[{"href":"https:\/\/diarioregionaldigital.com.br\/index.php?rest_route=\/wp\/v2\/posts\/88163","targetHints":{"allow":["GET"]}}],"collection":[{"href":"https:\/\/diarioregionaldigital.com.br\/index.php?rest_route=\/wp\/v2\/posts"}],"about":[{"href":"https:\/\/diarioregionaldigital.com.br\/index.php?rest_route=\/wp\/v2\/types\/post"}],"author":[{"embeddable":true,"href":"https:\/\/diarioregionaldigital.com.br\/index.php?rest_route=\/wp\/v2\/users\/96"}],"replies":[{"embeddable":true,"href":"https:\/\/diarioregionaldigital.com.br\/index.php?rest_route=%2Fwp%2Fv2%2Fcomments&post=88163"}],"version-history":[{"count":0,"href":"https:\/\/diarioregionaldigital.com.br\/index.php?rest_route=\/wp\/v2\/posts\/88163\/revisions"}],"wp:featuredmedia":[{"embeddable":true,"href":"https:\/\/diarioregionaldigital.com.br\/index.php?rest_route=\/wp\/v2\/media\/88162"}],"wp:attachment":[{"href":"https:\/\/diarioregionaldigital.com.br\/index.php?rest_route=%2Fwp%2Fv2%2Fmedia&parent=88163"}],"wp:term":[{"taxonomy":"category","embeddable":true,"href":"https:\/\/diarioregionaldigital.com.br\/index.php?rest_route=%2Fwp%2Fv2%2Fcategories&post=88163"},{"taxonomy":"post_tag","embeddable":true,"href":"https:\/\/diarioregionaldigital.com.br\/index.php?rest_route=%2Fwp%2Fv2%2Ftags&post=88163"}],"curies":[{"name":"wp","href":"https:\/\/api.w.org\/{rel}","templated":true}]}}