{"id":88153,"date":"2017-12-26T14:52:51","date_gmt":"2017-12-26T16:52:51","guid":{"rendered":"http:\/\/diarioregionaljf.com.br\/2017\/12\/26\/prf-divulga-balanco-das-ocorrencias-nas-estradas-durante-o-natal\/"},"modified":"2017-12-26T14:52:51","modified_gmt":"2017-12-26T16:52:51","slug":"prf-divulga-balanco-das-ocorrencias-nas-estradas-durante-o-natal","status":"publish","type":"post","link":"https:\/\/diarioregionaldigital.com.br\/?p=88153","title":{"rendered":"PRF divulga balan\u00e7o das ocorr\u00eancias nas estradas durante o natal"},"content":{"rendered":"<p>A Pol\u00edcia Rodovi\u00e1ria Federal (PRF) divulgou nesta ter\u00e7a-feira, 26, o relat\u00f3rio referente \u00e0 Opera\u00e7\u00e3o Natal 2017, compreendendo o per\u00edodo iniciado \u00e0s 00h do dia 22 de dezembro de 2017 e encerrado \u00e0s 23h59 do dia 25 de dezembro de 2017.<\/p>\n<p><span style=\"font-size: 18pt;\">Dados de acidentes<\/span><\/p>\n<p>Acidentes sem V\u00edtimas: 8 registros<br \/>Acidentes com Feridos: 7 registros<br \/>Acidentes com Mortos: 1 registro<br \/>Acidentes Graves (com mortos ou feridos graves): 2 registros<br \/>Pessoas Feridas: 13 registros<br \/>Pessoas Mortas: 1 registro<\/p>\n<p>Tendo em vista o consider\u00e1vel aumento de fluxo registrado no per\u00edodo, bem como a ocorr\u00eancia de chuvas em grande parte do per\u00edodo, a quantidade total de acidentes registrados, apesar de um pouco elevada, mostra que em apenas dois dos 16 acidentes houve registro de mortes ou les\u00f5es graves.<\/p>\n<p><span style=\"font-size: 18pt;\">Crimes de Tr\u00e2nsito<\/span><\/p>\n<p>A imprud\u00eancia dos motoristas continua chamando aten\u00e7\u00e3o. Destaque para a quantidade de crimes de tr\u00e2nsito registrados no per\u00edodo, num total de 6, sendo eles:<\/p>\n<p>Deixar de Prestar Socorro \u00e0 V\u00edtima: 1 ocorr\u00eancia<br \/>Dirigir com CNH Suspensa: 1 ocorr\u00eancia<br \/>Fuga de Local de Acidente: 1 ocorr\u00eancia<br \/>Entregar Ve\u00edculo para Pessoa sem Habilita\u00e7\u00e3o: 1 ocorr\u00eancia<br \/>Dirigir sem Habilita\u00e7\u00e3o gerando perigo de dano: 2 ocorr\u00eancias<\/p>\n<p>Em todos os casos acima foi lavrado TCO (Termo Circunstanciado de Ocorr\u00eancia) e os autores assinaram Termo de Compromisso de Comparecimento em Audi\u00eancia nos Juizados Especiais Criminais.<\/p>\n<p><span style=\"font-size: 18pt;\">Excesso de Velocidade<\/span><\/p>\n<p>O excesso de velocidade foi flagrado em 856 situa\u00e7\u00f5es pelos radares port\u00e1teis da PRF.<\/p>\n<p>Fonte: Assessoria \/ PRF<\/p>\n","protected":false},"excerpt":{"rendered":"<p>A Pol\u00edcia Rodovi\u00e1ria Federal (PRF) divulgou nesta ter\u00e7a-feira, 26, o relat\u00f3rio referente \u00e0 Opera\u00e7\u00e3o Natal 2017, compreendendo o per\u00edodo iniciado \u00e0s 00h do dia 22 de dezembro de 2017 e encerrado \u00e0s 23h59 do dia 25 de dezembro de 2017. Dados de acidentes Acidentes sem V\u00edtimas: 8 registrosAcidentes com Feridos: 7 registrosAcidentes com Mortos: 1 [&hellip;]<\/p>\n","protected":false},"author":96,"featured_media":88152,"comment_status":"closed","ping_status":"closed","sticky":false,"template":"","format":"standard","meta":{"footnotes":""},"categories":[252],"tags":[],"class_list":["post-88153","post","type-post","status-publish","format-standard","has-post-thumbnail","hentry","category-regiao"],"_links":{"self":[{"href":"https:\/\/diarioregionaldigital.com.br\/index.php?rest_route=\/wp\/v2\/posts\/88153","targetHints":{"allow":["GET"]}}],"collection":[{"href":"https:\/\/diarioregionaldigital.com.br\/index.php?rest_route=\/wp\/v2\/posts"}],"about":[{"href":"https:\/\/diarioregionaldigital.com.br\/index.php?rest_route=\/wp\/v2\/types\/post"}],"author":[{"embeddable":true,"href":"https:\/\/diarioregionaldigital.com.br\/index.php?rest_route=\/wp\/v2\/users\/96"}],"replies":[{"embeddable":true,"href":"https:\/\/diarioregionaldigital.com.br\/index.php?rest_route=%2Fwp%2Fv2%2Fcomments&post=88153"}],"version-history":[{"count":0,"href":"https:\/\/diarioregionaldigital.com.br\/index.php?rest_route=\/wp\/v2\/posts\/88153\/revisions"}],"wp:featuredmedia":[{"embeddable":true,"href":"https:\/\/diarioregionaldigital.com.br\/index.php?rest_route=\/wp\/v2\/media\/88152"}],"wp:attachment":[{"href":"https:\/\/diarioregionaldigital.com.br\/index.php?rest_route=%2Fwp%2Fv2%2Fmedia&parent=88153"}],"wp:term":[{"taxonomy":"category","embeddable":true,"href":"https:\/\/diarioregionaldigital.com.br\/index.php?rest_route=%2Fwp%2Fv2%2Fcategories&post=88153"},{"taxonomy":"post_tag","embeddable":true,"href":"https:\/\/diarioregionaldigital.com.br\/index.php?rest_route=%2Fwp%2Fv2%2Ftags&post=88153"}],"curies":[{"name":"wp","href":"https:\/\/api.w.org\/{rel}","templated":true}]}}