{"id":88147,"date":"2017-12-26T13:59:16","date_gmt":"2017-12-26T15:59:16","guid":{"rendered":"http:\/\/diarioregionaljf.com.br\/2017\/12\/26\/corpo-de-bombeiros-combate-incendio-em-fabrica-de-calcados-desativada-no-teixeiras\/"},"modified":"2017-12-26T13:59:16","modified_gmt":"2017-12-26T15:59:16","slug":"corpo-de-bombeiros-combate-incendio-em-fabrica-de-calcados-desativada-no-teixeiras","status":"publish","type":"post","link":"https:\/\/diarioregionaldigital.com.br\/?p=88147","title":{"rendered":"Corpo de Bombeiros combate inc\u00eandio em f\u00e1brica de cal\u00e7ados desativada no Teixeiras"},"content":{"rendered":"<p>O Corpo de Bombeiros foi acionado durante a madrugada desta ter\u00e7a-feira, 26, a fim de controlar um inc\u00eandio em uma f\u00e1brica de cal\u00e7ados desativada no bairro Teixeiras, localizado na zona Sul.<\/p>\n<p>De acordo com informa\u00e7\u00f5es dos militares, o inc\u00eandio foi controlado somente na manh\u00e3 desta ter\u00e7a. No local encontram-se dois caminh\u00f5es de combate a inc\u00eandio e uma Auto Escada Mec\u00e2nica. Al\u00e9m disso, a corpora\u00e7\u00e3o recebe apoio da Cesama com caminh\u00e3o tanque de \u00e1gua.<\/p>\n<p>O Corpo de Bombeiros segue realizando opera\u00e7\u00f5es de resfriamento do ambiente a fim de evitar novos princ\u00edpios de inc\u00eandio, fato que j\u00e1 ocorreu duas vezes.<\/p>\n<p>Foram registradas chamas de dois a tr\u00eas metros de altura. At\u00e9 o momento, foram gastos 73 mil litros de \u00e1gua e 80 litros de L\u00edquido Gerador de Espuma (LGE).<\/p>\n<p>N\u00e3o houve v\u00edtimas.<\/p>\n<p>As causas do inc\u00eandio ser\u00e3o investigadas.<\/p>\n<p><img loading=\"lazy\" decoding=\"async\" class=\" size-full wp-image-88145\" src=\"http:\/\/diarioregionaljf.com.br\/wp-content\/uploads\/2017\/12\/diario-int-22464-1.jpeg\" alt=\"incenteixeiras\" width=\"437\" height=\"246\" srcset=\"https:\/\/diarioregionaldigital.com.br\/wp-content\/uploads\/2017\/12\/diario-int-22464-1.jpeg 1280w, https:\/\/diarioregionaldigital.com.br\/wp-content\/uploads\/2017\/12\/diario-int-22464-1-300x169.jpeg 300w, https:\/\/diarioregionaldigital.com.br\/wp-content\/uploads\/2017\/12\/diario-int-22464-1-768x432.jpeg 768w, https:\/\/diarioregionaldigital.com.br\/wp-content\/uploads\/2017\/12\/diario-int-22464-1-1024x576.jpeg 1024w, https:\/\/diarioregionaldigital.com.br\/wp-content\/uploads\/2017\/12\/diario-int-22464-1-360x203.jpeg 360w\" sizes=\"auto, (max-width: 437px) 100vw, 437px\" \/><\/p>\n<p><img loading=\"lazy\" decoding=\"async\" class=\" size-full wp-image-88146\" src=\"http:\/\/diarioregionaljf.com.br\/wp-content\/uploads\/2017\/12\/diario-int-22464-2.jpeg\" alt=\"incteix\" width=\"438\" height=\"246\" srcset=\"https:\/\/diarioregionaldigital.com.br\/wp-content\/uploads\/2017\/12\/diario-int-22464-2.jpeg 1280w, https:\/\/diarioregionaldigital.com.br\/wp-content\/uploads\/2017\/12\/diario-int-22464-2-300x169.jpeg 300w, https:\/\/diarioregionaldigital.com.br\/wp-content\/uploads\/2017\/12\/diario-int-22464-2-768x432.jpeg 768w, https:\/\/diarioregionaldigital.com.br\/wp-content\/uploads\/2017\/12\/diario-int-22464-2-1024x576.jpeg 1024w, https:\/\/diarioregionaldigital.com.br\/wp-content\/uploads\/2017\/12\/diario-int-22464-2-360x203.jpeg 360w\" sizes=\"auto, (max-width: 438px) 100vw, 438px\" \/><\/p>\n","protected":false},"excerpt":{"rendered":"<p>O Corpo de Bombeiros foi acionado durante a madrugada desta ter\u00e7a-feira, 26, a fim de controlar um inc\u00eandio em uma f\u00e1brica de cal\u00e7ados desativada no bairro Teixeiras, localizado na zona Sul. De acordo com informa\u00e7\u00f5es dos militares, o inc\u00eandio foi controlado somente na manh\u00e3 desta ter\u00e7a. No local encontram-se dois caminh\u00f5es de combate a inc\u00eandio [&hellip;]<\/p>\n","protected":false},"author":96,"featured_media":88144,"comment_status":"closed","ping_status":"closed","sticky":false,"template":"","format":"standard","meta":{"footnotes":""},"categories":[253],"tags":[],"class_list":["post-88147","post","type-post","status-publish","format-standard","has-post-thumbnail","hentry","category-cidade"],"_links":{"self":[{"href":"https:\/\/diarioregionaldigital.com.br\/index.php?rest_route=\/wp\/v2\/posts\/88147","targetHints":{"allow":["GET"]}}],"collection":[{"href":"https:\/\/diarioregionaldigital.com.br\/index.php?rest_route=\/wp\/v2\/posts"}],"about":[{"href":"https:\/\/diarioregionaldigital.com.br\/index.php?rest_route=\/wp\/v2\/types\/post"}],"author":[{"embeddable":true,"href":"https:\/\/diarioregionaldigital.com.br\/index.php?rest_route=\/wp\/v2\/users\/96"}],"replies":[{"embeddable":true,"href":"https:\/\/diarioregionaldigital.com.br\/index.php?rest_route=%2Fwp%2Fv2%2Fcomments&post=88147"}],"version-history":[{"count":0,"href":"https:\/\/diarioregionaldigital.com.br\/index.php?rest_route=\/wp\/v2\/posts\/88147\/revisions"}],"wp:featuredmedia":[{"embeddable":true,"href":"https:\/\/diarioregionaldigital.com.br\/index.php?rest_route=\/wp\/v2\/media\/88144"}],"wp:attachment":[{"href":"https:\/\/diarioregionaldigital.com.br\/index.php?rest_route=%2Fwp%2Fv2%2Fmedia&parent=88147"}],"wp:term":[{"taxonomy":"category","embeddable":true,"href":"https:\/\/diarioregionaldigital.com.br\/index.php?rest_route=%2Fwp%2Fv2%2Fcategories&post=88147"},{"taxonomy":"post_tag","embeddable":true,"href":"https:\/\/diarioregionaldigital.com.br\/index.php?rest_route=%2Fwp%2Fv2%2Ftags&post=88147"}],"curies":[{"name":"wp","href":"https:\/\/api.w.org\/{rel}","templated":true}]}}