{"id":88143,"date":"2017-12-26T13:34:39","date_gmt":"2017-12-26T15:34:39","guid":{"rendered":"http:\/\/diarioregionaljf.com.br\/2017\/12\/26\/agencias-bancarias-reabrem-ate-quinta-feira-para-atendimento-ao-publico\/"},"modified":"2017-12-26T13:34:39","modified_gmt":"2017-12-26T15:34:39","slug":"agencias-bancarias-reabrem-ate-quinta-feira-para-atendimento-ao-publico","status":"publish","type":"post","link":"https:\/\/diarioregionaldigital.com.br\/?p=88143","title":{"rendered":"Ag\u00eancias banc\u00e1rias reabrem at\u00e9 quinta-feira para atendimento ao p\u00fablico"},"content":{"rendered":"<p>As ag\u00eancias banc\u00e1rias voltam a funcionar normalmente a partir desta ter\u00e7a-feira (26) em todo o pa\u00eds, ap\u00f3s o feriado de Natal ontem (25).<\/p>\n<p>Na \u00faltima semana do ano, o atendimento ao p\u00fablico vai at\u00e9 quinta (28) j\u00e1 que, na sexta-feira (29), as institui\u00e7\u00f5es financeiras estar\u00e3o fechadas aos clientes, funcionando apenas para servi\u00e7os internos, segundo a Federa\u00e7\u00e3o Brasileira de Bancos (Febraban).<\/p>\n<p>Hoje, as contas de consumo, como as de \u00e1gua, luz, telefone e de TV a cabo, bem como os carn\u00eas cujos prazos de pagamento venceram durante o feriado podem ser pagas normalmente nas ag\u00eancias.<\/p>\n<p>No caso de boletos banc\u00e1rios, os clientes tamb\u00e9m podem fazer o agendamento em canais eletr\u00f4nicos ou fazer pagamentos por meio do D\u00e9bito Direto Autorizado (DDA). Tamb\u00e9m \u00e9 poss\u00edvel usar os caixas eletr\u00f4nicos, internet banking, mobile banking e o banco por telefone.<\/p>\n<p>Em 2018, as ag\u00eancias reabrir\u00e3o na ter\u00e7a-feira, dia 2 de janeiro.<\/p>\n<p>Fonte: Ag\u00eancia Brasil<\/p>\n","protected":false},"excerpt":{"rendered":"<p>As ag\u00eancias banc\u00e1rias voltam a funcionar normalmente a partir desta ter\u00e7a-feira (26) em todo o pa\u00eds, ap\u00f3s o feriado de Natal ontem (25). Na \u00faltima semana do ano, o atendimento ao p\u00fablico vai at\u00e9 quinta (28) j\u00e1 que, na sexta-feira (29), as institui\u00e7\u00f5es financeiras estar\u00e3o fechadas aos clientes, funcionando apenas para servi\u00e7os internos, segundo a [&hellip;]<\/p>\n","protected":false},"author":96,"featured_media":88142,"comment_status":"closed","ping_status":"closed","sticky":false,"template":"","format":"standard","meta":{"footnotes":""},"categories":[261],"tags":[],"class_list":["post-88143","post","type-post","status-publish","format-standard","has-post-thumbnail","hentry","category-economia"],"_links":{"self":[{"href":"https:\/\/diarioregionaldigital.com.br\/index.php?rest_route=\/wp\/v2\/posts\/88143","targetHints":{"allow":["GET"]}}],"collection":[{"href":"https:\/\/diarioregionaldigital.com.br\/index.php?rest_route=\/wp\/v2\/posts"}],"about":[{"href":"https:\/\/diarioregionaldigital.com.br\/index.php?rest_route=\/wp\/v2\/types\/post"}],"author":[{"embeddable":true,"href":"https:\/\/diarioregionaldigital.com.br\/index.php?rest_route=\/wp\/v2\/users\/96"}],"replies":[{"embeddable":true,"href":"https:\/\/diarioregionaldigital.com.br\/index.php?rest_route=%2Fwp%2Fv2%2Fcomments&post=88143"}],"version-history":[{"count":0,"href":"https:\/\/diarioregionaldigital.com.br\/index.php?rest_route=\/wp\/v2\/posts\/88143\/revisions"}],"wp:featuredmedia":[{"embeddable":true,"href":"https:\/\/diarioregionaldigital.com.br\/index.php?rest_route=\/wp\/v2\/media\/88142"}],"wp:attachment":[{"href":"https:\/\/diarioregionaldigital.com.br\/index.php?rest_route=%2Fwp%2Fv2%2Fmedia&parent=88143"}],"wp:term":[{"taxonomy":"category","embeddable":true,"href":"https:\/\/diarioregionaldigital.com.br\/index.php?rest_route=%2Fwp%2Fv2%2Fcategories&post=88143"},{"taxonomy":"post_tag","embeddable":true,"href":"https:\/\/diarioregionaldigital.com.br\/index.php?rest_route=%2Fwp%2Fv2%2Ftags&post=88143"}],"curies":[{"name":"wp","href":"https:\/\/api.w.org\/{rel}","templated":true}]}}