{"id":88139,"date":"2017-12-26T12:17:10","date_gmt":"2017-12-26T14:17:10","guid":{"rendered":"http:\/\/diarioregionaljf.com.br\/2017\/12\/26\/pm-apreende-jovens-envolvidos-com-trafico-drogas-e-perturbacao-do-sossego-no-sao-benedito\/"},"modified":"2017-12-26T12:17:10","modified_gmt":"2017-12-26T14:17:10","slug":"pm-apreende-jovens-envolvidos-com-trafico-drogas-e-perturbacao-do-sossego-no-sao-benedito","status":"publish","type":"post","link":"https:\/\/diarioregionaldigital.com.br\/?p=88139","title":{"rendered":"PM apreende jovens envolvidos com tr\u00e1fico drogas e perturba\u00e7\u00e3o do sossego no S\u00e3o Benedito"},"content":{"rendered":"<p>A Pol\u00edcia Militar (PM) prendeu e apreendeu diversos jovens envolvidos com tr\u00e1fico de drogas, perturba\u00e7\u00e3o do sossego, dire\u00e7\u00e3o perigosa e exibi\u00e7\u00e3o de arma de fogo, nesta segunda-feira, 25. A a\u00e7\u00e3o ocorreu no bairro S\u00e3o Benedito, localizado na zona Leste da cidade.<\/p>\n<p>De acordo com o registro de ocorr\u00eancias, empenhados pelo centro de opera\u00e7\u00f5es, uma viatura da Pol\u00edcia Militar compareceu \u00e0 Rua Cambuquira, no bairro S\u00e3o Benedito, em virtude de den\u00fancias a respeito de perturba\u00e7\u00e3o do sossego, venda de drogas, dire\u00e7\u00e3o perigosa e exibi\u00e7\u00e3o de arma de fogo.<\/p>\n<p>A PM j\u00e1 havia sido acionada em decorr\u00eancia de um baile funk que ocorria nas proximidades do mesmo bairro, que culminou na pris\u00e3o de uma pessoa. A festa perdurou pela madrugada, os policiais advertiram algumas pessoas que se encontravam no local.<\/p>\n<p>Algumas horas ap\u00f3s esse deslocamento, quatro viaturas da PM retornaram ao mesmo local, onde um an\u00f4nimo relatou que, ap\u00f3s a sa\u00edda das guarni\u00e7\u00f5es, os cidad\u00e3os infratores migraram para outra rua. Ele afirmou que al\u00e9m de terem aumentado o som, as situa\u00e7\u00f5es criminosas, descritas anteriormente, continuavam a ocorrer.<\/p>\n<p>Os policiais ent\u00e3o se encaminharam at\u00e9 a Rua Marcelino de Oliveira, momento em que diversas pessoas come\u00e7aram a fugir e lan\u00e7aram diversos objetos ao solo ap\u00f3s avistarem os policiais.<br \/>Os policiais militares abordaram diversas pessoas, que se mostraram resistentes sendo necess\u00e1rio o uso moderado da for\u00e7a proporcional para cont\u00ea-los.<\/p>\n<p>No local um aparelho de som, que se encontrava ligado em alto volume, foi apreendido. Nesse momento alguns populares tentaram reaver o aparelho desferindo empurr\u00f5es contra um militar.<\/p>\n<p>Durante busca pessoal a um jovem de 18 anos, foi encontrado R$ 837, uma bucha de maconha e um cigarro da mesma subst\u00e2ncia. Antes da abordagem, o jovem se desfez de uma esp\u00e9cie de pacote, contudo, durante a a\u00e7\u00e3o, populares n\u00e3o identificados conseguiram se desfazer do material. Em consulta ao sistema da pol\u00edcia, foi constatado que o autor j\u00e1 tem passagem pelo crime de tr\u00e1fico de drogas.<\/p>\n<p>Em abordagem a uma menor. De 17 anos, os policiais localizaram dois cigarros de maconha, os quais a jovem confirmou ser propriet\u00e1ria. A menor, por sua vez, muito agitada tentava deixar o local, mas foi impedida e informada que seria conduzida \u00e0 delegacia de pol\u00edcia civil. Ela alegou que tentou fugir, pois, por ser menor de idade, n\u00e3o poderia ser presa. Ela recebeu voz de apreens\u00e3o em flagrante pelos atos infracionais de desobedi\u00eancia e posse de subst\u00e2ncia entorpecente.<\/p>\n<p>Com um jovem de 16 anos foram encontrados dois frascos de lan\u00e7a-perfume, al\u00e9m de R$20.<\/p>\n<p>Durante abordagem dos policiais, um jovem de 17 anos este desobedeceu a ordem de parada para busca pessoal. Os policiais o seguiram e conseguiram vencer a resist\u00eancia oferecida pelo menor com controle de contato. O autor recebeu voz de apreens\u00e3o em flagrante pelo ato infracional de desobedi\u00eancia.<\/p>\n<p>J\u00e1 no final da ocorr\u00eancia, antes da sa\u00edda da guarni\u00e7\u00e3o policial com os conduzidos, outro jovem de 17 anos passou a incitar os populares que se encontravam em via p\u00fablica a tomarem os presos dos militares, com os diversos dizeres: &#8220;n\u00e3o vai levar n\u00e3o, n\u00e3o vai levar n\u00e3o&#8221;, &#8220;voc\u00eas n\u00e3o v\u00e3o prend\u00ea-los n\u00e3o!&#8221; &#8220;vamos pra cima dos pol\u00edcia!&#8221;. O autor tamb\u00e9m recebeu voz de apreens\u00e3o por parte dos policiais.<\/p>\n<p>Todos os conduzidos foram encaminhados juntamente com seus representantes legais \u00e0 presen\u00e7a da autoridade de pol\u00edcia judici\u00e1ria.<\/p>\n","protected":false},"excerpt":{"rendered":"<p>A Pol\u00edcia Militar (PM) prendeu e apreendeu diversos jovens envolvidos com tr\u00e1fico de drogas, perturba\u00e7\u00e3o do sossego, dire\u00e7\u00e3o perigosa e exibi\u00e7\u00e3o de arma de fogo, nesta segunda-feira, 25. A a\u00e7\u00e3o ocorreu no bairro S\u00e3o Benedito, localizado na zona Leste da cidade. De acordo com o registro de ocorr\u00eancias, empenhados pelo centro de opera\u00e7\u00f5es, uma viatura [&hellip;]<\/p>\n","protected":false},"author":96,"featured_media":88138,"comment_status":"closed","ping_status":"closed","sticky":false,"template":"","format":"standard","meta":{"footnotes":""},"categories":[301],"tags":[],"class_list":["post-88139","post","type-post","status-publish","format-standard","has-post-thumbnail","hentry","category-artigos-policiais"],"_links":{"self":[{"href":"https:\/\/diarioregionaldigital.com.br\/index.php?rest_route=\/wp\/v2\/posts\/88139","targetHints":{"allow":["GET"]}}],"collection":[{"href":"https:\/\/diarioregionaldigital.com.br\/index.php?rest_route=\/wp\/v2\/posts"}],"about":[{"href":"https:\/\/diarioregionaldigital.com.br\/index.php?rest_route=\/wp\/v2\/types\/post"}],"author":[{"embeddable":true,"href":"https:\/\/diarioregionaldigital.com.br\/index.php?rest_route=\/wp\/v2\/users\/96"}],"replies":[{"embeddable":true,"href":"https:\/\/diarioregionaldigital.com.br\/index.php?rest_route=%2Fwp%2Fv2%2Fcomments&post=88139"}],"version-history":[{"count":0,"href":"https:\/\/diarioregionaldigital.com.br\/index.php?rest_route=\/wp\/v2\/posts\/88139\/revisions"}],"wp:featuredmedia":[{"embeddable":true,"href":"https:\/\/diarioregionaldigital.com.br\/index.php?rest_route=\/wp\/v2\/media\/88138"}],"wp:attachment":[{"href":"https:\/\/diarioregionaldigital.com.br\/index.php?rest_route=%2Fwp%2Fv2%2Fmedia&parent=88139"}],"wp:term":[{"taxonomy":"category","embeddable":true,"href":"https:\/\/diarioregionaldigital.com.br\/index.php?rest_route=%2Fwp%2Fv2%2Fcategories&post=88139"},{"taxonomy":"post_tag","embeddable":true,"href":"https:\/\/diarioregionaldigital.com.br\/index.php?rest_route=%2Fwp%2Fv2%2Ftags&post=88139"}],"curies":[{"name":"wp","href":"https:\/\/api.w.org\/{rel}","templated":true}]}}