{"id":88137,"date":"2017-12-26T11:41:05","date_gmt":"2017-12-26T13:41:05","guid":{"rendered":"http:\/\/diarioregionaljf.com.br\/2017\/12\/26\/estimativa-de-inflacao-cai-pela-quinta-vez-e-fica-mais-distante-da-meta\/"},"modified":"2017-12-26T11:41:05","modified_gmt":"2017-12-26T13:41:05","slug":"estimativa-de-inflacao-cai-pela-quinta-vez-e-fica-mais-distante-da-meta","status":"publish","type":"post","link":"https:\/\/diarioregionaldigital.com.br\/?p=88137","title":{"rendered":"Estimativa de infla\u00e7\u00e3o cai pela quinta vez e fica mais distante da meta"},"content":{"rendered":"<p>O mercado financeiro reduziu pela quinta semana consecutiva a estimativa de infla\u00e7\u00e3o, que permanece abaixo da meta para este ano. A proje\u00e7\u00e3o para o \u00cdndice Nacional de Pre\u00e7os ao Consumidor Amplo (IPCA) passou, desta vez, de 2,83% para 2,78%. A estimativa consta do boletim Focus, uma publica\u00e7\u00e3o divulgada no site do Banco Central (BC) todas as semanas com proje\u00e7\u00f5es para os principais indicadores econ\u00f4micos.<\/p>\n<p>A meta de infla\u00e7\u00e3o, que deve ser perseguida pelo BC, tem como centro 4,5%, limite inferior de 3% e superior de 6%. Quando a infla\u00e7\u00e3o fica fora desses patamares, o BC tem que elaborar uma carta aberta ao ministro da Fazenda, Henrique Meirelles, explicando os motivos do descumprimento da meta.<\/p>\n<p>No boletim do dia 11 deste m\u00eas, as institui\u00e7\u00f5es financeiras j\u00e1 haviam reduzido a proje\u00e7\u00e3o para abaixo da meta. Em setembro, a estimativa tamb\u00e9m ficou abaixo do piso, mas depois voltou a ficar dentro do intervalo de toler\u00e2ncia.<\/p>\n<p>Se a estimativa se confirmar, ser\u00e1 a primeira vez que a meta ser\u00e1 descumprida por ficar abaixo do piso. A meta ficou acima do teto quatro vezes: em 2001, 2002, 2003 e 2015.<\/p>\n<p>Nos 11 meses do ano, o IPCA chegou a 2,5%, o menor resultado acumulado para o per\u00edodo desde 1998 (1,32%). Em janeiro, o Instituto Brasileiro de Geografia e Estat\u00edstica (IBGE) vai informar o resultado do IPCA neste ano.<\/p>\n<p>Para 2018, a proje\u00e7\u00e3o do mercado financeiro para o IPCA caiu de 4% para 3,96%<\/p>\n<p>O principal instrumento usado pelo BC para controlar a infla\u00e7\u00e3o \u00e9 a taxa b\u00e1sica de juros, a Selic, atualmente em 7% ao ano, o menor n\u00edvel hist\u00f3rico. No \u00faltimo dia 6, a Selic foi reduzida pela d\u00e9cima vez seguida. Por unanimidade, o Comit\u00ea de Pol\u00edtica Monet\u00e1ria (Copom) diminuiu a Selic em 0,5 ponto percentual, de 7,5% ao ano para 7% ao ano.<\/p>\n<p>A expectativa do mercado financeiro para a Selic, ao final de 2018, caiu de 7% para 6,75% ao ano.<\/p>\n<p>A estimativa para a expans\u00e3o do Produto Interno Bruto (PIB), a soma de todos os bens e servi\u00e7os produzidos no pa\u00eds, foi ajustada de 0,96% para 0,98%, neste ano, e de 2,64% para 2,68%, em 2018.<\/p>\n<p>Fonte: Ag\u00eancia Brasil<\/p>\n","protected":false},"excerpt":{"rendered":"<p>O mercado financeiro reduziu pela quinta semana consecutiva a estimativa de infla\u00e7\u00e3o, que permanece abaixo da meta para este ano. A proje\u00e7\u00e3o para o \u00cdndice Nacional de Pre\u00e7os ao Consumidor Amplo (IPCA) passou, desta vez, de 2,83% para 2,78%. A estimativa consta do boletim Focus, uma publica\u00e7\u00e3o divulgada no site do Banco Central (BC) todas [&hellip;]<\/p>\n","protected":false},"author":96,"featured_media":88136,"comment_status":"closed","ping_status":"closed","sticky":false,"template":"","format":"standard","meta":{"footnotes":""},"categories":[261],"tags":[],"class_list":["post-88137","post","type-post","status-publish","format-standard","has-post-thumbnail","hentry","category-economia"],"_links":{"self":[{"href":"https:\/\/diarioregionaldigital.com.br\/index.php?rest_route=\/wp\/v2\/posts\/88137","targetHints":{"allow":["GET"]}}],"collection":[{"href":"https:\/\/diarioregionaldigital.com.br\/index.php?rest_route=\/wp\/v2\/posts"}],"about":[{"href":"https:\/\/diarioregionaldigital.com.br\/index.php?rest_route=\/wp\/v2\/types\/post"}],"author":[{"embeddable":true,"href":"https:\/\/diarioregionaldigital.com.br\/index.php?rest_route=\/wp\/v2\/users\/96"}],"replies":[{"embeddable":true,"href":"https:\/\/diarioregionaldigital.com.br\/index.php?rest_route=%2Fwp%2Fv2%2Fcomments&post=88137"}],"version-history":[{"count":0,"href":"https:\/\/diarioregionaldigital.com.br\/index.php?rest_route=\/wp\/v2\/posts\/88137\/revisions"}],"wp:featuredmedia":[{"embeddable":true,"href":"https:\/\/diarioregionaldigital.com.br\/index.php?rest_route=\/wp\/v2\/media\/88136"}],"wp:attachment":[{"href":"https:\/\/diarioregionaldigital.com.br\/index.php?rest_route=%2Fwp%2Fv2%2Fmedia&parent=88137"}],"wp:term":[{"taxonomy":"category","embeddable":true,"href":"https:\/\/diarioregionaldigital.com.br\/index.php?rest_route=%2Fwp%2Fv2%2Fcategories&post=88137"},{"taxonomy":"post_tag","embeddable":true,"href":"https:\/\/diarioregionaldigital.com.br\/index.php?rest_route=%2Fwp%2Fv2%2Ftags&post=88137"}],"curies":[{"name":"wp","href":"https:\/\/api.w.org\/{rel}","templated":true}]}}