{"id":87914,"date":"2017-12-20T14:21:57","date_gmt":"2017-12-20T16:21:57","guid":{"rendered":"http:\/\/diarioregionaljf.com.br\/2017\/12\/20\/temer-diz-que-jamais-desistira-da-reforma-da-previdencia\/"},"modified":"2017-12-20T14:21:57","modified_gmt":"2017-12-20T16:21:57","slug":"temer-diz-que-jamais-desistira-da-reforma-da-previdencia","status":"publish","type":"post","link":"https:\/\/diarioregionaldigital.com.br\/?p=87914","title":{"rendered":"Temer diz que jamais desistir\u00e1 da reforma da Previd\u00eancia"},"content":{"rendered":"<p>Ao discursar nessa quarta-feira, 20, em cerim\u00f4nia de libera\u00e7\u00e3o de recursos do programa Saneamento para Todos, o presidente Michel Temer disse que \u201cjamais\u201d vai desistir da reforma da Previd\u00eancia. Ele informou que ao longo do m\u00eas de janeiro vai continuar fazendo esclarecimentos sobre o tema para levar a reforma adiante. Embora a inten\u00e7\u00e3o inicial do governo fosse votar o texto da reforma no plen\u00e1rio da C\u00e2mara dos Deputados ainda este ano, a vota\u00e7\u00e3o ficou para 2018.<\/p>\n<p>Temer liberou recursos para obras de saneamento no estado do Paran\u00e1. O presidente fez uma analogia com o sistema de saneamento que fica sob a terra e disse que seu governo se prop\u00f4s a desenterrar reformas.<\/p>\n<p>\u201cDesenterramos v\u00e1rias reformas. A reforma da Previd\u00eancia n\u00e3o foi preciso desenterrar, porque ela estava sempre \u00e0 mostra, sempre na superf\u00edcie. Quero aproveitar a presen\u00e7a de deputados federais para dizer que jamais vamos desistir da Previd\u00eancia\u201d, disse.<\/p>\n<p>\u201cEncontrei muitas obras enterradas no meu governo e desenterrei todas. Conseguimos fazer coisas que todos sab\u00edamos que estavam soterradas e ningu\u00e9m mexia naquilo, temeroso das consequ\u00eancias que poderiam ocorrer\u201d, completou.<\/p>\n<p>&nbsp;<\/p>\n<h4>OBRAS DE SANEAMENTO<\/h4>\n<p>A Companhia de Saneamento do Paran\u00e1 (Sanepar) vai receber R$1,5 bilh\u00e3o para obras em 57 munic\u00edpios por meio do Programa Saneamento para Todos. As obras abrangem sistema de abastecimento de \u00e1gua, esgotamento sanit\u00e1rio e desenvolvimento institucional.<\/p>\n<p>O governador do Paran\u00e1, Beto Richa, destacou que o saneamento beneficia sobretudo as camadas mais pobres da popula\u00e7\u00e3o. Temer lembrou que o saneamento b\u00e1sico est\u00e1 diretamente ligado \u00e0 sa\u00fade e que essa ser\u00e1 uma das prioridades de seu governo no pr\u00f3ximo ano.<\/p>\n<p>O Programa Saneamento para Todos, da Caixa Econ\u00f4mica Federal, financia empreendimentos ao setor p\u00fablico e ao setor privado, com recursos do Fundo de Garantia do Tempo de Servi\u00e7o (FGTS) e da contrapartida do solicitante.<\/p>\n<p>Fonte: Ag\u00eancia Brasil<\/p>\n","protected":false},"excerpt":{"rendered":"<p>Ao discursar nessa quarta-feira, 20, em cerim\u00f4nia de libera\u00e7\u00e3o de recursos do programa Saneamento para Todos, o presidente Michel Temer disse que \u201cjamais\u201d vai desistir da reforma da Previd\u00eancia. Ele informou que ao longo do m\u00eas de janeiro vai continuar fazendo esclarecimentos sobre o tema para levar a reforma adiante. Embora a inten\u00e7\u00e3o inicial do [&hellip;]<\/p>\n","protected":false},"author":96,"featured_media":87913,"comment_status":"closed","ping_status":"closed","sticky":false,"template":"","format":"standard","meta":{"footnotes":""},"categories":[254],"tags":[],"class_list":["post-87914","post","type-post","status-publish","format-standard","has-post-thumbnail","hentry","category-politica"],"_links":{"self":[{"href":"https:\/\/diarioregionaldigital.com.br\/index.php?rest_route=\/wp\/v2\/posts\/87914","targetHints":{"allow":["GET"]}}],"collection":[{"href":"https:\/\/diarioregionaldigital.com.br\/index.php?rest_route=\/wp\/v2\/posts"}],"about":[{"href":"https:\/\/diarioregionaldigital.com.br\/index.php?rest_route=\/wp\/v2\/types\/post"}],"author":[{"embeddable":true,"href":"https:\/\/diarioregionaldigital.com.br\/index.php?rest_route=\/wp\/v2\/users\/96"}],"replies":[{"embeddable":true,"href":"https:\/\/diarioregionaldigital.com.br\/index.php?rest_route=%2Fwp%2Fv2%2Fcomments&post=87914"}],"version-history":[{"count":0,"href":"https:\/\/diarioregionaldigital.com.br\/index.php?rest_route=\/wp\/v2\/posts\/87914\/revisions"}],"wp:featuredmedia":[{"embeddable":true,"href":"https:\/\/diarioregionaldigital.com.br\/index.php?rest_route=\/wp\/v2\/media\/87913"}],"wp:attachment":[{"href":"https:\/\/diarioregionaldigital.com.br\/index.php?rest_route=%2Fwp%2Fv2%2Fmedia&parent=87914"}],"wp:term":[{"taxonomy":"category","embeddable":true,"href":"https:\/\/diarioregionaldigital.com.br\/index.php?rest_route=%2Fwp%2Fv2%2Fcategories&post=87914"},{"taxonomy":"post_tag","embeddable":true,"href":"https:\/\/diarioregionaldigital.com.br\/index.php?rest_route=%2Fwp%2Fv2%2Ftags&post=87914"}],"curies":[{"name":"wp","href":"https:\/\/api.w.org\/{rel}","templated":true}]}}