{"id":87910,"date":"2017-12-20T14:04:39","date_gmt":"2017-12-20T16:04:39","guid":{"rendered":"http:\/\/diarioregionaljf.com.br\/2017\/12\/20\/catalunha-vai-as-urnas-amanha\/"},"modified":"2017-12-20T14:04:39","modified_gmt":"2017-12-20T16:04:39","slug":"catalunha-vai-as-urnas-amanha","status":"publish","type":"post","link":"https:\/\/diarioregionaldigital.com.br\/?p=87910","title":{"rendered":"Catalunha vai \u00e0s urnas amanh\u00e3"},"content":{"rendered":"<p>Nesta quinta-feira, 21, ser\u00e1 um dia decisivo para a Espanha. Ap\u00f3s um processo tenso, que o pa\u00eds vive desde o dia 1\u00ba de outubro, quando foi feito um referendo considerado ilegal, a Espanha vive um racha entre os que querem a independ\u00eancia da Catalunha e que os que preferem manter a unidade do pa\u00eds.<\/p>\n<p>Est\u00e3o convocadas para amanh\u00e3 as elei\u00e7\u00f5es que v\u00e3o definir o pr\u00f3ximo presidente da comunidade aut\u00f4noma. A disputa est\u00e1 acirrada e n\u00e3o h\u00e1 certezas sobre quem vencer\u00e1.<\/p>\n<p>As \u00faltimas pesquisas mostram um cen\u00e1rio muito apertado entre o partido Esquerda Republicana da Catalunha, que \u00e9 separatista e deve ganhar em n\u00famero de assentos, e o Ciudadanos, que defende a unidade nacional e deve ganhar em n\u00famero de votos. Os dois partidos est\u00e3o praticamente empatados, com cerca de 23% das inten\u00e7\u00f5es de voto, segundo a imprensa local.<\/p>\n<p>Dos pol\u00edticos que participaram da tentativa independentista, seis s\u00e3o candidatos. Entre eles, Carles Puigdemont, ex-presidente da Catalunha que est\u00e1 na B\u00e9lgica desde o in\u00edcio de novembro, ap\u00f3s o governo central espanhol ter acionado o artigo 155 da Constitui\u00e7\u00e3o espanhola, que o destituiu e convocou novas elei\u00e7\u00f5es.<\/p>\n<p>O antigo vice-presidente e l\u00edder do partido Esquerda Republicana da Catalunha, Oriol Junqueras, tamb\u00e9m \u00e9 candidato, mas est\u00e1 preso cautelarmente. Se for julgado e condenado, n\u00e3o poder\u00e1 assumir o cargo, caso ven\u00e7a.<\/p>\n<p>A candidata do partido Ciudadanos \u00e9 In\u00e9s Arrimada, uma jovem lideran\u00e7a de apenas 36 anos.<\/p>\n<p>O que n\u00e3o se consegue prever \u00e9 qual partido conseguir\u00e1 somar 68 assentos para formar governo e escolher o presidente. \u00c9 poss\u00edvel que um partido, mesmo saindo vencedor, n\u00e3o consiga formar governo e, assim, o racha na Catalunha segue sem um ponto final.<\/p>\n<p>Fonte: Ag\u00eancia Brasil<\/p>\n","protected":false},"excerpt":{"rendered":"<p>Nesta quinta-feira, 21, ser\u00e1 um dia decisivo para a Espanha. Ap\u00f3s um processo tenso, que o pa\u00eds vive desde o dia 1\u00ba de outubro, quando foi feito um referendo considerado ilegal, a Espanha vive um racha entre os que querem a independ\u00eancia da Catalunha e que os que preferem manter a unidade do pa\u00eds. Est\u00e3o [&hellip;]<\/p>\n","protected":false},"author":96,"featured_media":87909,"comment_status":"closed","ping_status":"closed","sticky":false,"template":"","format":"standard","meta":{"footnotes":""},"categories":[302],"tags":[],"class_list":["post-87910","post","type-post","status-publish","format-standard","has-post-thumbnail","hentry","category-brasil-mundo"],"_links":{"self":[{"href":"https:\/\/diarioregionaldigital.com.br\/index.php?rest_route=\/wp\/v2\/posts\/87910","targetHints":{"allow":["GET"]}}],"collection":[{"href":"https:\/\/diarioregionaldigital.com.br\/index.php?rest_route=\/wp\/v2\/posts"}],"about":[{"href":"https:\/\/diarioregionaldigital.com.br\/index.php?rest_route=\/wp\/v2\/types\/post"}],"author":[{"embeddable":true,"href":"https:\/\/diarioregionaldigital.com.br\/index.php?rest_route=\/wp\/v2\/users\/96"}],"replies":[{"embeddable":true,"href":"https:\/\/diarioregionaldigital.com.br\/index.php?rest_route=%2Fwp%2Fv2%2Fcomments&post=87910"}],"version-history":[{"count":0,"href":"https:\/\/diarioregionaldigital.com.br\/index.php?rest_route=\/wp\/v2\/posts\/87910\/revisions"}],"wp:featuredmedia":[{"embeddable":true,"href":"https:\/\/diarioregionaldigital.com.br\/index.php?rest_route=\/wp\/v2\/media\/87909"}],"wp:attachment":[{"href":"https:\/\/diarioregionaldigital.com.br\/index.php?rest_route=%2Fwp%2Fv2%2Fmedia&parent=87910"}],"wp:term":[{"taxonomy":"category","embeddable":true,"href":"https:\/\/diarioregionaldigital.com.br\/index.php?rest_route=%2Fwp%2Fv2%2Fcategories&post=87910"},{"taxonomy":"post_tag","embeddable":true,"href":"https:\/\/diarioregionaldigital.com.br\/index.php?rest_route=%2Fwp%2Fv2%2Ftags&post=87910"}],"curies":[{"name":"wp","href":"https:\/\/api.w.org\/{rel}","templated":true}]}}