{"id":87906,"date":"2017-12-20T13:53:32","date_gmt":"2017-12-20T15:53:32","guid":{"rendered":"http:\/\/diarioregionaljf.com.br\/2017\/12\/20\/cartes-viaja-ao-brasil-para-receber-presidencia-temporaria-do-mercosul\/"},"modified":"2017-12-20T13:53:32","modified_gmt":"2017-12-20T15:53:32","slug":"cartes-viaja-ao-brasil-para-receber-presidencia-temporaria-do-mercosul","status":"publish","type":"post","link":"https:\/\/diarioregionaldigital.com.br\/?p=87906","title":{"rendered":"Cartes viaja ao Brasil para receber presid\u00eancia tempor\u00e1ria do Mercosul"},"content":{"rendered":"<p>O presidente paraguaio, Horacio Cartes, chega nesta quarta-feira, 20, ao Brasil para participar amanh\u00e3 da C\u00fapula de Chefes de Estado do Mercosul. No encontro, O Paraguai assumir\u00e1 a presid\u00eancia tempor\u00e1ria do bloco, em momento-chave das negocia\u00e7\u00f5es com a Uni\u00e3o Europeia (UE) para um acordo de livre com\u00e9rcio.<\/p>\n<p>A c\u00fapula fechar\u00e1 um ano marcado por intensas negocia\u00e7\u00f5es em busca de um acordo comercial que se persegue h\u00e1 quase duas d\u00e9cadas e que ainda \u00e9 incerto.<\/p>\n<p>A agenda oficial da 51\u00aa c\u00fapula semestral do bloco sul-americano come\u00e7a hoje com uma reuni\u00e3o de chanceleres, pr\u00e9via ao encontro que os presidentes ter\u00e3o amanh\u00e3.<\/p>\n<p>Na c\u00fapula desta quinta-feira, a presid\u00eancia semestral do bloco ser\u00e1 passada pelo Brasil ao Paraguai, que a receber\u00e1 com a tarefa de concluir as negocia\u00e7\u00f5es, que na UE encontram uma resist\u00eancia de um grupo de pa\u00edses lidrados pela Fran\u00e7a e a Irlanda.<\/p>\n<p>O chanceler paraguaio, Eladio Loizaga, garantiu nesta semana que o acordo ser\u00e1 assinado durante a presid\u00eancia tempor\u00e1ria do Paraguai.<\/p>\n<p>Antes da c\u00fapula, Cartes ter\u00e1 hoje uma s\u00e9rie de reuni\u00f5es na capital paulista com representantes da Federa\u00e7\u00e3o das Ind\u00fastrias do Estado de S\u00e3o Paulo (Fiesp).<\/p>\n<p>Al\u00e9m disso, ter\u00e1 almo\u00e7o de trabalho com o presidente do grupo, Paulo Skaf. Depois, viaja para Goi\u00e2nia, onde participa de outra rodada com empres\u00e1rios. Ali ser\u00e1 recebido pelo governador de Goi\u00e1s, Marconi Perillo, segundo informou a presid\u00eancia paraguaia.<\/p>\n<p>Fonte: Ag\u00eancia Brasil<\/p>\n","protected":false},"excerpt":{"rendered":"<p>O presidente paraguaio, Horacio Cartes, chega nesta quarta-feira, 20, ao Brasil para participar amanh\u00e3 da C\u00fapula de Chefes de Estado do Mercosul. No encontro, O Paraguai assumir\u00e1 a presid\u00eancia tempor\u00e1ria do bloco, em momento-chave das negocia\u00e7\u00f5es com a Uni\u00e3o Europeia (UE) para um acordo de livre com\u00e9rcio. A c\u00fapula fechar\u00e1 um ano marcado por intensas [&hellip;]<\/p>\n","protected":false},"author":96,"featured_media":87905,"comment_status":"closed","ping_status":"closed","sticky":false,"template":"","format":"standard","meta":{"footnotes":""},"categories":[302],"tags":[],"class_list":["post-87906","post","type-post","status-publish","format-standard","has-post-thumbnail","hentry","category-brasil-mundo"],"_links":{"self":[{"href":"https:\/\/diarioregionaldigital.com.br\/index.php?rest_route=\/wp\/v2\/posts\/87906","targetHints":{"allow":["GET"]}}],"collection":[{"href":"https:\/\/diarioregionaldigital.com.br\/index.php?rest_route=\/wp\/v2\/posts"}],"about":[{"href":"https:\/\/diarioregionaldigital.com.br\/index.php?rest_route=\/wp\/v2\/types\/post"}],"author":[{"embeddable":true,"href":"https:\/\/diarioregionaldigital.com.br\/index.php?rest_route=\/wp\/v2\/users\/96"}],"replies":[{"embeddable":true,"href":"https:\/\/diarioregionaldigital.com.br\/index.php?rest_route=%2Fwp%2Fv2%2Fcomments&post=87906"}],"version-history":[{"count":0,"href":"https:\/\/diarioregionaldigital.com.br\/index.php?rest_route=\/wp\/v2\/posts\/87906\/revisions"}],"wp:featuredmedia":[{"embeddable":true,"href":"https:\/\/diarioregionaldigital.com.br\/index.php?rest_route=\/wp\/v2\/media\/87905"}],"wp:attachment":[{"href":"https:\/\/diarioregionaldigital.com.br\/index.php?rest_route=%2Fwp%2Fv2%2Fmedia&parent=87906"}],"wp:term":[{"taxonomy":"category","embeddable":true,"href":"https:\/\/diarioregionaldigital.com.br\/index.php?rest_route=%2Fwp%2Fv2%2Fcategories&post=87906"},{"taxonomy":"post_tag","embeddable":true,"href":"https:\/\/diarioregionaldigital.com.br\/index.php?rest_route=%2Fwp%2Fv2%2Ftags&post=87906"}],"curies":[{"name":"wp","href":"https:\/\/api.w.org\/{rel}","templated":true}]}}