{"id":87904,"date":"2017-12-20T12:48:22","date_gmt":"2017-12-20T14:48:22","guid":{"rendered":"http:\/\/diarioregionaljf.com.br\/2017\/12\/20\/homem-e-atingido-por-tiro-de-espingarda-apos-discussao-no-distrito-de-valadares\/"},"modified":"2017-12-20T12:48:22","modified_gmt":"2017-12-20T14:48:22","slug":"homem-e-atingido-por-tiro-de-espingarda-apos-discussao-no-distrito-de-valadares","status":"publish","type":"post","link":"https:\/\/diarioregionaldigital.com.br\/?p=87904","title":{"rendered":"Homem \u00e9 atingido por tiro de espingarda ap\u00f3s discuss\u00e3o no distrito de Valadares"},"content":{"rendered":"<p>Um homem de 52 anos foi v\u00edtima de uma tentativa de homic\u00eddio na tarde desta ter\u00e7a-feira, 19, no distrito de Valadares.<\/p>\n<p>De acordo com o registro de ocorr\u00eancias, uma viatura da Pol\u00edcia Militar (PM) de deslocou at\u00e9 a rua principal do distrito onde estaria a v\u00edtima de um disparo de arma de fogo. No local, em contato com uma testemunha, a mesma relatou que atua como empreiteiro em uma obra, e que por volta das 12h da ter\u00e7a presenciou uma briga entre v\u00edtima e autor.<\/p>\n<p>A v\u00edtima, que exerce a fun\u00e7\u00e3o de pintor no local, come\u00e7ou a discutir com outro funcion\u00e1rio, que atua como pedreiro e que \u00e9 pai do autor, de 19 anos.<\/p>\n<p>A discuss\u00e3o ocorreu devido d\u00edvidas financeiras entre os envolvidos. Durante a discuss\u00e3o a v\u00edtima pegou uma foice e a certa dist\u00e2ncia come\u00e7ou a proferir amea\u00e7as em dire\u00e7\u00e3o pai do autor, dizendo: &#8220;eu te meto essa foice no pesco\u00e7o&#8221;.<\/p>\n<p>O autor, que exerce fun\u00e7\u00e3o de servente de pedreiro, acompanhava toda a discuss\u00e3o e em dado momento subiu at\u00e9 um telhado e voltou com uma espingarda cartucheira nas m\u00e3os, efetuando um disparo na dire\u00e7\u00e3o das costas da v\u00edtima, evadido em seguida.<\/p>\n<p>A v\u00edtima recebeu os primeiros socorros na Unidade de Pronto Atendimento (UPA) Norte, sendo constatada uma perfura\u00e7\u00e3o na regi\u00e3o t\u00f3rax-abdominal direita. Ele foi medicado e em seguida encaminhado para o Hospital de Pronto Socorro (HPS).<\/p>\n<p>No local o homem passou por uma cirurgia, sendo necess\u00e1ria a remo\u00e7\u00e3o da ves\u00edcula. O f\u00edgado tamb\u00e9m foi atingido por chumbos, entretanto n\u00e3o houve necessidade de remo\u00e7\u00e3o. At\u00e9 o momento n\u00e3o se sabe se ser\u00e3o necess\u00e1rias novas cirurgias.<\/p>\n<p>Uma testemunha do fato relatou que a referida espingarda seria de um indiv\u00edduo que trabalhou de vigia noturno na obra, e seria morador de Valadares.<\/p>\n<p>Em buscas pelo local do crime, a PM encontrou quatro cartuchos deflagrados de muni\u00e7\u00e3o calibre 28 em um canto do telhado da obra.<\/p>\n<p>A Pol\u00edcia Militar realizou buscas na regi\u00e3o a fim de encontrar o propriet\u00e1rio da espingarda, contudo, o mesmo n\u00e3o localizado.<\/p>\n<p>Ap\u00f3s dilig\u00eancias, foi poss\u00edvel identificar o endere\u00e7o do autor e seu genitor, no entanto, n\u00e3o se encontravam em casa.<\/p>\n","protected":false},"excerpt":{"rendered":"<p>Um homem de 52 anos foi v\u00edtima de uma tentativa de homic\u00eddio na tarde desta ter\u00e7a-feira, 19, no distrito de Valadares. De acordo com o registro de ocorr\u00eancias, uma viatura da Pol\u00edcia Militar (PM) de deslocou at\u00e9 a rua principal do distrito onde estaria a v\u00edtima de um disparo de arma de fogo. No local, [&hellip;]<\/p>\n","protected":false},"author":96,"featured_media":87903,"comment_status":"closed","ping_status":"closed","sticky":false,"template":"","format":"standard","meta":{"footnotes":""},"categories":[301],"tags":[],"class_list":["post-87904","post","type-post","status-publish","format-standard","has-post-thumbnail","hentry","category-artigos-policiais"],"_links":{"self":[{"href":"https:\/\/diarioregionaldigital.com.br\/index.php?rest_route=\/wp\/v2\/posts\/87904","targetHints":{"allow":["GET"]}}],"collection":[{"href":"https:\/\/diarioregionaldigital.com.br\/index.php?rest_route=\/wp\/v2\/posts"}],"about":[{"href":"https:\/\/diarioregionaldigital.com.br\/index.php?rest_route=\/wp\/v2\/types\/post"}],"author":[{"embeddable":true,"href":"https:\/\/diarioregionaldigital.com.br\/index.php?rest_route=\/wp\/v2\/users\/96"}],"replies":[{"embeddable":true,"href":"https:\/\/diarioregionaldigital.com.br\/index.php?rest_route=%2Fwp%2Fv2%2Fcomments&post=87904"}],"version-history":[{"count":0,"href":"https:\/\/diarioregionaldigital.com.br\/index.php?rest_route=\/wp\/v2\/posts\/87904\/revisions"}],"wp:featuredmedia":[{"embeddable":true,"href":"https:\/\/diarioregionaldigital.com.br\/index.php?rest_route=\/wp\/v2\/media\/87903"}],"wp:attachment":[{"href":"https:\/\/diarioregionaldigital.com.br\/index.php?rest_route=%2Fwp%2Fv2%2Fmedia&parent=87904"}],"wp:term":[{"taxonomy":"category","embeddable":true,"href":"https:\/\/diarioregionaldigital.com.br\/index.php?rest_route=%2Fwp%2Fv2%2Fcategories&post=87904"},{"taxonomy":"post_tag","embeddable":true,"href":"https:\/\/diarioregionaldigital.com.br\/index.php?rest_route=%2Fwp%2Fv2%2Ftags&post=87904"}],"curies":[{"name":"wp","href":"https:\/\/api.w.org\/{rel}","templated":true}]}}