{"id":87902,"date":"2017-12-20T11:25:35","date_gmt":"2017-12-20T13:25:35","guid":{"rendered":"http:\/\/diarioregionaljf.com.br\/2017\/12\/20\/menina-de-11-anos-sofre-tentativa-de-estupro-no-milho-branco\/"},"modified":"2017-12-20T11:25:35","modified_gmt":"2017-12-20T13:25:35","slug":"menina-de-11-anos-sofre-tentativa-de-estupro-no-milho-branco","status":"publish","type":"post","link":"https:\/\/diarioregionaldigital.com.br\/?p=87902","title":{"rendered":"Menina de 11 anos sofre tentativa de estupro no Milho Branco"},"content":{"rendered":"<p>Uma menina de 11 anos foi v\u00edtima de uma tentativa de estupro na tarde desta ter\u00e7a-feira, 19, no bairro Milho Branco, localizado na zona Norte.<\/p>\n<p>De acordo com informa\u00e7\u00f5es da Pol\u00edcia Militar (PM), a v\u00edtima e sua m\u00e3e transitavam pela Rua Ivan Batista de Oliveira, quando a mesma parou no local para atender uma liga\u00e7\u00e3o telef\u00f4nica.<\/p>\n<p>Enquanto a mulher falava ao telefone, um homem de 39 anos, aproximou-se da crian\u00e7a, pediu que ela abaixasse a calcinha em troca de um pacote de biscoito e a amea\u00e7ou de morte, caso n\u00e3o o fizesse. Fato confirmado pela pr\u00f3pria v\u00edtima que relatou \u00e0 PM que o autor proferiu os seguintes dizeres: &#8220;se voc\u00ea abaixar sua calcinha vou lhe dar um pacote de biscoito ou sen\u00e3o vou matar voc\u00ea e sua m\u00e3e&#8221;.<\/p>\n<p>Durante a abordagem do homem \u00e0 menina, um indiv\u00edduo que passava pelo local de moto percebeu que a v\u00edtima estava acuada. Ele abordou a crian\u00e7a, que por sua vez relatou o ocorrido.<\/p>\n<p>Nesse instante o autor foi detido por populares que o agrediram com socos e chutes. Ap\u00f3s as agress\u00f5es, o autor conseguiu evadir do local sendo perseguido e detido at\u00e9 a chegada da Pol\u00edcia Militar.<\/p>\n<p>Diante dos fatos o homem recebeu voz de pris\u00e3o e foi encaminhado \u00e0 Unidade de Pronto Atendimento (UPA) devido estar reclamando de dores na cabe\u00e7a devido \u00e0s agress\u00f5es. Na UPA, o autor foi atendido n\u00e3o sendo constatada les\u00e3o ou fratura. Indagado o autor sobre as agress\u00f5es, este n\u00e3o soube informar a autoria. Ap\u00f3s atendimento foi encaminhado \u00e0 delegacia.<\/p>\n<p>A v\u00edtima e sua m\u00e3e receberam as orienta\u00e7\u00f5es por parte da PM.<\/p>\n","protected":false},"excerpt":{"rendered":"<p>Uma menina de 11 anos foi v\u00edtima de uma tentativa de estupro na tarde desta ter\u00e7a-feira, 19, no bairro Milho Branco, localizado na zona Norte. De acordo com informa\u00e7\u00f5es da Pol\u00edcia Militar (PM), a v\u00edtima e sua m\u00e3e transitavam pela Rua Ivan Batista de Oliveira, quando a mesma parou no local para atender uma liga\u00e7\u00e3o [&hellip;]<\/p>\n","protected":false},"author":96,"featured_media":87901,"comment_status":"closed","ping_status":"closed","sticky":false,"template":"","format":"standard","meta":{"footnotes":""},"categories":[301],"tags":[],"class_list":["post-87902","post","type-post","status-publish","format-standard","has-post-thumbnail","hentry","category-artigos-policiais"],"_links":{"self":[{"href":"https:\/\/diarioregionaldigital.com.br\/index.php?rest_route=\/wp\/v2\/posts\/87902","targetHints":{"allow":["GET"]}}],"collection":[{"href":"https:\/\/diarioregionaldigital.com.br\/index.php?rest_route=\/wp\/v2\/posts"}],"about":[{"href":"https:\/\/diarioregionaldigital.com.br\/index.php?rest_route=\/wp\/v2\/types\/post"}],"author":[{"embeddable":true,"href":"https:\/\/diarioregionaldigital.com.br\/index.php?rest_route=\/wp\/v2\/users\/96"}],"replies":[{"embeddable":true,"href":"https:\/\/diarioregionaldigital.com.br\/index.php?rest_route=%2Fwp%2Fv2%2Fcomments&post=87902"}],"version-history":[{"count":0,"href":"https:\/\/diarioregionaldigital.com.br\/index.php?rest_route=\/wp\/v2\/posts\/87902\/revisions"}],"wp:featuredmedia":[{"embeddable":true,"href":"https:\/\/diarioregionaldigital.com.br\/index.php?rest_route=\/wp\/v2\/media\/87901"}],"wp:attachment":[{"href":"https:\/\/diarioregionaldigital.com.br\/index.php?rest_route=%2Fwp%2Fv2%2Fmedia&parent=87902"}],"wp:term":[{"taxonomy":"category","embeddable":true,"href":"https:\/\/diarioregionaldigital.com.br\/index.php?rest_route=%2Fwp%2Fv2%2Fcategories&post=87902"},{"taxonomy":"post_tag","embeddable":true,"href":"https:\/\/diarioregionaldigital.com.br\/index.php?rest_route=%2Fwp%2Fv2%2Ftags&post=87902"}],"curies":[{"name":"wp","href":"https:\/\/api.w.org\/{rel}","templated":true}]}}