{"id":87900,"date":"2017-12-20T00:18:11","date_gmt":"2017-12-20T02:18:11","guid":{"rendered":"http:\/\/diarioregionaljf.com.br\/2017\/12\/20\/saiba-como-sera-o-expediente-bancario-no-periodo-de-festas\/"},"modified":"2017-12-20T00:18:11","modified_gmt":"2017-12-20T02:18:11","slug":"saiba-como-sera-o-expediente-bancario-no-periodo-de-festas","status":"publish","type":"post","link":"https:\/\/diarioregionaldigital.com.br\/?p=87900","title":{"rendered":"Saiba como ser\u00e1 o expediente banc\u00e1rio no per\u00edodo de festas"},"content":{"rendered":"<p>A Federa\u00e7\u00e3o Brasileira de Bancos (Febraban) divulgou nota informando como ser\u00e1 o expediente banc\u00e1rio neste fim de ano. Nesta sexta-feira, 22, \u00faltimo dia \u00fatil antes do feriado de Natal, o funcionamento das ag\u00eancias ser\u00e1 normal. J\u00e1 na sexta-feira da semana que vem, dia 29 de dezembro, n\u00e3o haver\u00e1 atendimento ao p\u00fablico.<\/p>\n<p>O pagamento de contas de consumo (\u00e1gua, luz, telefone e TV a cabo) e de carn\u00eas com vencimento nas datas em que os bancos estiverem fechados poder\u00e1 ser feito no pr\u00f3ximo dia \u00fatil ap\u00f3s o vencimento (26 de dezembro e 2 de janeiro), sem incid\u00eancia de multa.<br \/>Boletos de tributos j\u00e1 s\u00e3o emitidos com a data ajustada para o calend\u00e1rio de feriados (federais, estaduais e municipais).<\/p>\n<p>Em rela\u00e7\u00e3o aos boletos banc\u00e1rios, os clientes cadastrados como sacados eletr\u00f4nicos poder\u00e3o fazer o agendamento pelos canais eletr\u00f4nicos ou pag\u00e1-los por meio do D\u00e9bito Direto Autorizado (DDA).<\/p>\n<p>Durante o per\u00edodo de festas, o p\u00fablico poder\u00e1 continuar utilizando canais como internet banking, mobile banking, caixas eletr\u00f4nicos, lot\u00e9ricas e demais correspondentes para realizar opera\u00e7\u00f5es banc\u00e1rias. Contas que possuem c\u00f3digo de barra poder\u00e3o ser pagas nos caixas eletr\u00f4nicos.<\/p>\n<hr \/>\n<p>&nbsp;Fonte: Assessoria CAIXA<\/p>\n","protected":false},"excerpt":{"rendered":"<p>A Federa\u00e7\u00e3o Brasileira de Bancos (Febraban) divulgou nota informando como ser\u00e1 o expediente banc\u00e1rio neste fim de ano. Nesta sexta-feira, 22, \u00faltimo dia \u00fatil antes do feriado de Natal, o funcionamento das ag\u00eancias ser\u00e1 normal. J\u00e1 na sexta-feira da semana que vem, dia 29 de dezembro, n\u00e3o haver\u00e1 atendimento ao p\u00fablico. O pagamento de contas [&hellip;]<\/p>\n","protected":false},"author":96,"featured_media":87899,"comment_status":"closed","ping_status":"closed","sticky":false,"template":"","format":"standard","meta":{"footnotes":""},"categories":[261],"tags":[],"class_list":["post-87900","post","type-post","status-publish","format-standard","has-post-thumbnail","hentry","category-economia"],"_links":{"self":[{"href":"https:\/\/diarioregionaldigital.com.br\/index.php?rest_route=\/wp\/v2\/posts\/87900","targetHints":{"allow":["GET"]}}],"collection":[{"href":"https:\/\/diarioregionaldigital.com.br\/index.php?rest_route=\/wp\/v2\/posts"}],"about":[{"href":"https:\/\/diarioregionaldigital.com.br\/index.php?rest_route=\/wp\/v2\/types\/post"}],"author":[{"embeddable":true,"href":"https:\/\/diarioregionaldigital.com.br\/index.php?rest_route=\/wp\/v2\/users\/96"}],"replies":[{"embeddable":true,"href":"https:\/\/diarioregionaldigital.com.br\/index.php?rest_route=%2Fwp%2Fv2%2Fcomments&post=87900"}],"version-history":[{"count":0,"href":"https:\/\/diarioregionaldigital.com.br\/index.php?rest_route=\/wp\/v2\/posts\/87900\/revisions"}],"wp:featuredmedia":[{"embeddable":true,"href":"https:\/\/diarioregionaldigital.com.br\/index.php?rest_route=\/wp\/v2\/media\/87899"}],"wp:attachment":[{"href":"https:\/\/diarioregionaldigital.com.br\/index.php?rest_route=%2Fwp%2Fv2%2Fmedia&parent=87900"}],"wp:term":[{"taxonomy":"category","embeddable":true,"href":"https:\/\/diarioregionaldigital.com.br\/index.php?rest_route=%2Fwp%2Fv2%2Fcategories&post=87900"},{"taxonomy":"post_tag","embeddable":true,"href":"https:\/\/diarioregionaldigital.com.br\/index.php?rest_route=%2Fwp%2Fv2%2Ftags&post=87900"}],"curies":[{"name":"wp","href":"https:\/\/api.w.org\/{rel}","templated":true}]}}