{"id":87898,"date":"2017-12-20T00:15:59","date_gmt":"2017-12-20T02:15:59","guid":{"rendered":"http:\/\/diarioregionaljf.com.br\/2017\/12\/20\/crescem-numero-de-pessoas-requerendo-beneficio-no-inss\/"},"modified":"2017-12-20T00:15:59","modified_gmt":"2017-12-20T02:15:59","slug":"crescem-numero-de-pessoas-requerendo-beneficio-no-inss","status":"publish","type":"post","link":"https:\/\/diarioregionaldigital.com.br\/?p=87898","title":{"rendered":"Crescem n\u00famero de pessoas requerendo benef\u00edcio no INSS"},"content":{"rendered":"<p>As idas e vindas nas tentativas do governo de aprovar a Reforma da Previd\u00eancia em 2017 n\u00e3o ditaram as discuss\u00f5es s\u00f3 em Bras\u00edlia. Os pedidos de entrada de aposentadoria no INSS aumentavam ou diminu\u00edam ao longo do ano, conforme a chance de o texto passar no Congresso mudava.<\/p>\n<p>Somente no Rio de Janeiro, de acordo com dados da Previd\u00eancia, de janeiro a novembro foram concedidas 112.170 aposentadorias. Em igual per\u00edodo do ano passado foram 96.496. Ou seja, alta de 16,2% nos pedidos. J\u00e1 em todo pa\u00eds, de janeiro a outubro, foram 7,9 milh\u00f5es de pedidos de benef\u00edcio &#8211; um aumento de quase 10% em rela\u00e7\u00e3o ao mesmo per\u00edodo do ano passado.<\/p>\n<p>Em maio, com o governo encurralado ap\u00f3s a divulga\u00e7\u00e3o da grava\u00e7\u00e3o entre o presidente Michel Temer e o empres\u00e1rio Joesley Batista, da JBS, o n\u00famero de pedidos saltou de 9.019 (2016) para 11.504 (2017). Em agosto, quando a reforma estava sofrendo altera\u00e7\u00f5es, os n\u00fameros subiram de 8.676 do ano passado para 11.112. J\u00e1 em outubro, quando o governo dava como certo ter o n\u00famero de votos para sua aprova\u00e7\u00e3o, os pedidos saltaram de 8.980 (2016) para 11.418.<\/p>\n<p>&#8220;A oscila\u00e7\u00e3o pode refletir os \u00e2nimos da reforma e o comportamento da s\u00e9rie aponta uma minicorrida que foi contida pelo epis\u00f3dio da JBS. Talvez em fevereiro, quando o governo far\u00e1 uma nova tentativa de aprova\u00e7\u00e3o, ocorra um novo movimento&#8221;, disse \u00e0 Ag\u00eancia Estad\u00e3o Conte\u00fado o economista da Funda\u00e7\u00e3o Instituto de Pesquisas Econ\u00f4micas (Fipe), Paulo Tafner.<\/p>\n<p>A Procuradora-Geral da Rep\u00fablica, Raquel Dodge, ingressou com uma A\u00e7\u00e3o Direta de Inconstitucionalidade (ADI) contra a abertura de cr\u00e9dito suplementar de R$99 milh\u00f5es para bancar a propaganda do governo sobre a Reforma da Previd\u00eancia. A a\u00e7\u00e3o pede a suspens\u00e3o da campanha em car\u00e1ter liminar, portanto ainda ser\u00e1 analisada pelo Supremo Tribunal federal (STF).<\/p>\n<p>O entendimento da Procuradoria \u00e9 que \u00e9 inconstitucional aplicar os recursos para custeio de uma propaganda governamental sem dar espa\u00e7o para opini\u00f5es divergentes.<\/p>\n<p><strong>Desafio para o governo<\/strong><\/p>\n<p>O ministro-chefe da Casa Civil, Eliseu Padilha, voltou a defender a Reforma da Previd\u00eancia ontem. Para ele, mudar as regras da aposentadoria do INSS e aprovar a reforma \u00e9 o grande desafio do governo, pois ela \u00e9 fundamental &#8220;n\u00e3o para esse governo&#8221;, mas para o Pa\u00eds.<\/p>\n<p>O ministro destacou ainda que as regras ter\u00e3o transi\u00e7\u00e3o, que n\u00e3o v\u00e3o tirar direitos j\u00e1 adquiridos e ponderou que n\u00e3o se deve ter &#8220;ilus\u00e3o&#8221;, pois o problema da Previd\u00eancia Social brasileira n\u00e3o se resolver\u00e1 &#8220;num passe de m\u00e1gica&#8221;.<\/p>\n<hr \/>\n<p>&nbsp;Fonte: Da reda\u00e7\u00e3o\/Colabora\u00e7\u00e3o&nbsp;<\/p>\n","protected":false},"excerpt":{"rendered":"<p>As idas e vindas nas tentativas do governo de aprovar a Reforma da Previd\u00eancia em 2017 n\u00e3o ditaram as discuss\u00f5es s\u00f3 em Bras\u00edlia. Os pedidos de entrada de aposentadoria no INSS aumentavam ou diminu\u00edam ao longo do ano, conforme a chance de o texto passar no Congresso mudava. Somente no Rio de Janeiro, de acordo [&hellip;]<\/p>\n","protected":false},"author":96,"featured_media":87897,"comment_status":"closed","ping_status":"closed","sticky":false,"template":"","format":"standard","meta":{"footnotes":""},"categories":[261],"tags":[],"class_list":["post-87898","post","type-post","status-publish","format-standard","has-post-thumbnail","hentry","category-economia"],"_links":{"self":[{"href":"https:\/\/diarioregionaldigital.com.br\/index.php?rest_route=\/wp\/v2\/posts\/87898","targetHints":{"allow":["GET"]}}],"collection":[{"href":"https:\/\/diarioregionaldigital.com.br\/index.php?rest_route=\/wp\/v2\/posts"}],"about":[{"href":"https:\/\/diarioregionaldigital.com.br\/index.php?rest_route=\/wp\/v2\/types\/post"}],"author":[{"embeddable":true,"href":"https:\/\/diarioregionaldigital.com.br\/index.php?rest_route=\/wp\/v2\/users\/96"}],"replies":[{"embeddable":true,"href":"https:\/\/diarioregionaldigital.com.br\/index.php?rest_route=%2Fwp%2Fv2%2Fcomments&post=87898"}],"version-history":[{"count":0,"href":"https:\/\/diarioregionaldigital.com.br\/index.php?rest_route=\/wp\/v2\/posts\/87898\/revisions"}],"wp:featuredmedia":[{"embeddable":true,"href":"https:\/\/diarioregionaldigital.com.br\/index.php?rest_route=\/wp\/v2\/media\/87897"}],"wp:attachment":[{"href":"https:\/\/diarioregionaldigital.com.br\/index.php?rest_route=%2Fwp%2Fv2%2Fmedia&parent=87898"}],"wp:term":[{"taxonomy":"category","embeddable":true,"href":"https:\/\/diarioregionaldigital.com.br\/index.php?rest_route=%2Fwp%2Fv2%2Fcategories&post=87898"},{"taxonomy":"post_tag","embeddable":true,"href":"https:\/\/diarioregionaldigital.com.br\/index.php?rest_route=%2Fwp%2Fv2%2Ftags&post=87898"}],"curies":[{"name":"wp","href":"https:\/\/api.w.org\/{rel}","templated":true}]}}