{"id":87720,"date":"2017-12-18T16:55:54","date_gmt":"2017-12-18T18:55:54","guid":{"rendered":"http:\/\/diarioregionaljf.com.br\/2017\/12\/18\/temer-veta-projeto-sobre-negociacao-coletiva-no-servico-publico\/"},"modified":"2017-12-18T16:55:54","modified_gmt":"2017-12-18T18:55:54","slug":"temer-veta-projeto-sobre-negociacao-coletiva-no-servico-publico","status":"publish","type":"post","link":"https:\/\/diarioregionaldigital.com.br\/?p=87720","title":{"rendered":"Temer veta projeto sobre negocia\u00e7\u00e3o coletiva no servi\u00e7o p\u00fablico"},"content":{"rendered":"<p>O presidente Michel Temer vetou integralmente o Projeto de Lei n\u00ba 3.831\/15, aprovado pelo Congresso Nacional, que estabelecia normas para a negocia\u00e7\u00e3o coletiva no servi\u00e7o p\u00fablico da Uni\u00e3o, dos estados, dos munic\u00edpios e do Distrito Federal.<\/p>\n<p>O texto foi vetado por ser inconstitucional, de acordo com mensagem do presidente Temer publicada na edi\u00e7\u00e3o dessa segunda-feira, 18, do Di\u00e1rio Oficial da Uni\u00e3o comunicando ao Congresso as raz\u00f5es do veto.<\/p>\n<p>Na mensagem, o presidente explica que a proposi\u00e7\u00e3o \u00e9 inconstitucional, pois n\u00e3o cabe \u00e0 Uni\u00e3o invadir a compet\u00eancia legislativa de outros entes federados editando norma sobre negocia\u00e7\u00e3o coletiva aplic\u00e1vel aos estados e munic\u00edpios. O texto registra tamb\u00e9m que a proposta apresenta \u201cv\u00edcio de iniciativa\u201d, uma vez que mudan\u00e7as no regime jur\u00eddico de servidor p\u00fablico devem ser de iniciativa privativa do presidente da Rep\u00fablica.<\/p>\n<p>O projeto vetado foi aprovado na C\u00e2mara em setembro e estabelecia que fossem tratados na negocia\u00e7\u00e3o temas como plano de carreira e de sa\u00fade, remunera\u00e7\u00e3o, condi\u00e7\u00f5es de trabalho, estabilidade, avalia\u00e7\u00e3o de desempenho, aposentadoria e demais benef\u00edcios previdenci\u00e1rios. Poderiam participar do processo de negocia\u00e7\u00e3o coletiva, de forma parit\u00e1ria, os representantes dos servidores e empregados p\u00fablicos e os representantes do ente estatal.<\/p>\n<p>Atualmente, a negocia\u00e7\u00e3o coletiva n\u00e3o tem previs\u00e3o legal.<\/p>\n<p>Fonte: Ag\u00eancia Brasil<\/p>\n","protected":false},"excerpt":{"rendered":"<p>O presidente Michel Temer vetou integralmente o Projeto de Lei n\u00ba 3.831\/15, aprovado pelo Congresso Nacional, que estabelecia normas para a negocia\u00e7\u00e3o coletiva no servi\u00e7o p\u00fablico da Uni\u00e3o, dos estados, dos munic\u00edpios e do Distrito Federal. O texto foi vetado por ser inconstitucional, de acordo com mensagem do presidente Temer publicada na edi\u00e7\u00e3o dessa segunda-feira, [&hellip;]<\/p>\n","protected":false},"author":96,"featured_media":87719,"comment_status":"closed","ping_status":"closed","sticky":false,"template":"","format":"standard","meta":{"footnotes":""},"categories":[254],"tags":[],"class_list":["post-87720","post","type-post","status-publish","format-standard","has-post-thumbnail","hentry","category-politica"],"_links":{"self":[{"href":"https:\/\/diarioregionaldigital.com.br\/index.php?rest_route=\/wp\/v2\/posts\/87720","targetHints":{"allow":["GET"]}}],"collection":[{"href":"https:\/\/diarioregionaldigital.com.br\/index.php?rest_route=\/wp\/v2\/posts"}],"about":[{"href":"https:\/\/diarioregionaldigital.com.br\/index.php?rest_route=\/wp\/v2\/types\/post"}],"author":[{"embeddable":true,"href":"https:\/\/diarioregionaldigital.com.br\/index.php?rest_route=\/wp\/v2\/users\/96"}],"replies":[{"embeddable":true,"href":"https:\/\/diarioregionaldigital.com.br\/index.php?rest_route=%2Fwp%2Fv2%2Fcomments&post=87720"}],"version-history":[{"count":0,"href":"https:\/\/diarioregionaldigital.com.br\/index.php?rest_route=\/wp\/v2\/posts\/87720\/revisions"}],"wp:featuredmedia":[{"embeddable":true,"href":"https:\/\/diarioregionaldigital.com.br\/index.php?rest_route=\/wp\/v2\/media\/87719"}],"wp:attachment":[{"href":"https:\/\/diarioregionaldigital.com.br\/index.php?rest_route=%2Fwp%2Fv2%2Fmedia&parent=87720"}],"wp:term":[{"taxonomy":"category","embeddable":true,"href":"https:\/\/diarioregionaldigital.com.br\/index.php?rest_route=%2Fwp%2Fv2%2Fcategories&post=87720"},{"taxonomy":"post_tag","embeddable":true,"href":"https:\/\/diarioregionaldigital.com.br\/index.php?rest_route=%2Fwp%2Fv2%2Ftags&post=87720"}],"curies":[{"name":"wp","href":"https:\/\/api.w.org\/{rel}","templated":true}]}}