{"id":87714,"date":"2017-12-18T16:37:57","date_gmt":"2017-12-18T18:37:57","guid":{"rendered":"http:\/\/diarioregionaljf.com.br\/2017\/12\/18\/parlamento-europeu-debate-impactos-do-brexit-no-setor-agricola\/"},"modified":"2017-12-18T16:37:57","modified_gmt":"2017-12-18T18:37:57","slug":"parlamento-europeu-debate-impactos-do-brexit-no-setor-agricola","status":"publish","type":"post","link":"https:\/\/diarioregionaldigital.com.br\/?p=87714","title":{"rendered":"Parlamento Europeu debate impactos do Brexit no setor agr\u00edcola"},"content":{"rendered":"<p>O Parlamento Europeu realizou nessa segunda-feira, 18, um debate no condado de Yorkshire para discutir as implica\u00e7\u00f5es do Brexit para o setor agr\u00edcola. O painel, que reuniu acad\u00eamicos, pol\u00edticos, produtores e representantes de sindicatos de fazendeiros, refletiu as incertezas sobre o futuro das rela\u00e7\u00f5es comerciais da Gr\u00e3-Bretanha com a Europa.<\/p>\n<p>O evento ocorre em contexto de muitas d\u00favidas sobre as implica\u00e7\u00f5es do processo de sa\u00edda do Reino Unido da Uni\u00e3o Europeia, conhecido como Brexit. V\u00e1rios setores ser\u00e3o afetados, desde ci\u00eancia e pesquisa at\u00e9 ind\u00fastria e universidades, e ainda n\u00e3o se sabe quais repercuss\u00f5es que a sa\u00edda do bloco pode ter para o mercado e para o bolso dos consumidores.<\/p>\n<p>De acordo com o Parlamento Europeu, foram discutidas as implica\u00e7\u00f5es do Brexit sobre o emprego, se o processo ser\u00e1 desafiador ou se trar\u00e1 novas oportunidades para os trabalhadores do setor agr\u00edcola. Tamb\u00e9m foi debatido o impacto que uma poss\u00edvel inseguran\u00e7a no emprego pode ter para a sa\u00fade mental dos trabalhadores. Segundo Guy Poskitt, um produtor local de cenouras, existe uma grande dificuldade em se recrutar m\u00e3o de obra brit\u00e2nica, uma vez que dois ter\u00e7os dos trabalhadores v\u00eam de toda a UE.<\/p>\n<p>Al\u00e9m disso, foram debatidos os efeitos na cadeia de fornecimento de alimentos, visto que o Reino Unido importa grande quantidade de produtos da Uni\u00e3o Europeia e o pa\u00eds pode ter de lidar com a falta de acordos com a UE.<\/p>\n<p>Do ponto de vista do consumidor, a manuten\u00e7\u00e3o dos altos padr\u00f5es alimentares da UE e a certifica\u00e7\u00e3o dos produtos locais \u00e9 primordial. Esses padr\u00f5es n\u00e3o s\u00f3 garantem a mesma qualidade dos produtos vendidos em toda a UE, mas tamb\u00e9m atuam como portas de entrada para o mercado interno agr\u00edcola.<\/p>\n<p>Segundo o Parlamento Europeu, se o Reino Unido deixasse o mercado \u00fanico e a uni\u00e3o aduaneira, e abandonasse os padr\u00f5es alimentares da UE, isso poderia privar seu setor agr\u00edcola de um mercado de exporta\u00e7\u00e3o crucial. As d\u00favidas sobre o futuro relacionamento comercial da Gr\u00e3-Bretanha com a Europa tornam dif\u00edcil o planejamento e a adapta\u00e7\u00e3o \u00e0s pr\u00f3ximas mudan\u00e7as.<\/p>\n<p>Fonte: Ag\u00eancia Brasil<\/p>\n","protected":false},"excerpt":{"rendered":"<p>O Parlamento Europeu realizou nessa segunda-feira, 18, um debate no condado de Yorkshire para discutir as implica\u00e7\u00f5es do Brexit para o setor agr\u00edcola. O painel, que reuniu acad\u00eamicos, pol\u00edticos, produtores e representantes de sindicatos de fazendeiros, refletiu as incertezas sobre o futuro das rela\u00e7\u00f5es comerciais da Gr\u00e3-Bretanha com a Europa. O evento ocorre em contexto [&hellip;]<\/p>\n","protected":false},"author":96,"featured_media":87713,"comment_status":"closed","ping_status":"closed","sticky":false,"template":"","format":"standard","meta":{"footnotes":""},"categories":[302],"tags":[],"class_list":["post-87714","post","type-post","status-publish","format-standard","has-post-thumbnail","hentry","category-brasil-mundo"],"_links":{"self":[{"href":"https:\/\/diarioregionaldigital.com.br\/index.php?rest_route=\/wp\/v2\/posts\/87714","targetHints":{"allow":["GET"]}}],"collection":[{"href":"https:\/\/diarioregionaldigital.com.br\/index.php?rest_route=\/wp\/v2\/posts"}],"about":[{"href":"https:\/\/diarioregionaldigital.com.br\/index.php?rest_route=\/wp\/v2\/types\/post"}],"author":[{"embeddable":true,"href":"https:\/\/diarioregionaldigital.com.br\/index.php?rest_route=\/wp\/v2\/users\/96"}],"replies":[{"embeddable":true,"href":"https:\/\/diarioregionaldigital.com.br\/index.php?rest_route=%2Fwp%2Fv2%2Fcomments&post=87714"}],"version-history":[{"count":0,"href":"https:\/\/diarioregionaldigital.com.br\/index.php?rest_route=\/wp\/v2\/posts\/87714\/revisions"}],"wp:featuredmedia":[{"embeddable":true,"href":"https:\/\/diarioregionaldigital.com.br\/index.php?rest_route=\/wp\/v2\/media\/87713"}],"wp:attachment":[{"href":"https:\/\/diarioregionaldigital.com.br\/index.php?rest_route=%2Fwp%2Fv2%2Fmedia&parent=87714"}],"wp:term":[{"taxonomy":"category","embeddable":true,"href":"https:\/\/diarioregionaldigital.com.br\/index.php?rest_route=%2Fwp%2Fv2%2Fcategories&post=87714"},{"taxonomy":"post_tag","embeddable":true,"href":"https:\/\/diarioregionaldigital.com.br\/index.php?rest_route=%2Fwp%2Fv2%2Ftags&post=87714"}],"curies":[{"name":"wp","href":"https:\/\/api.w.org\/{rel}","templated":true}]}}