{"id":87710,"date":"2017-12-18T16:22:31","date_gmt":"2017-12-18T18:22:31","guid":{"rendered":"http:\/\/diarioregionaljf.com.br\/2017\/12\/18\/policia-civil-prende-suspeito-de-trafico-de-drogas-e-apreende-mais-de-20-tabletes-de-maconha\/"},"modified":"2017-12-18T16:22:31","modified_gmt":"2017-12-18T18:22:31","slug":"policia-civil-prende-suspeito-de-trafico-de-drogas-e-apreende-mais-de-20-tabletes-de-maconha","status":"publish","type":"post","link":"https:\/\/diarioregionaldigital.com.br\/?p=87710","title":{"rendered":"Pol\u00edcia Civil prende suspeito de tr\u00e1fico de drogas e apreende mais de 20 tabletes de maconha"},"content":{"rendered":"<p>Na \u00faltima sexta-feira , 15, a Pol\u00edcia Civil de Minas Gerais deflagrou uma opera\u00e7\u00e3o, na Zona Norte de Juiz de Fora, que culminou na pris\u00e3o em flagrante de um homem de 26 anos.<\/p>\n<p>Ap\u00f3s receber uma s\u00e9rie de den\u00fancias de que o suspeito estaria comercializando entorpecentes no bairro Industrial, policiais civis da Delegacia Especializada Antidrogas passaram a monitorar suas atividades.<\/p>\n<p>Durante a a\u00e7\u00e3o, foram apreendidos 21 tabletes de maconha, duas por\u00e7\u00f5es da mesma droga, coca\u00edna e um ve\u00edculo da marca Chevrolet S10.<\/p>\n<p>Conforme informa\u00e7\u00f5es do Titular da Delegacia Especializada, Delegado Rog\u00e9rio Woyame, os investigadores se empenharam para encontrar o local onde o suspeito estaria armazenando seus entorpecentes. \u201cFicou constatado que o preso utilizava constantemente uma garagem no bairro Industrial. O suspeito deixava as drogas dentro de um ve\u00edculo furtado\/roubado com placa clonada\u201d, informou.<\/p>\n<p>Conforme o delegado, o suspeito foi preso por tr\u00e1fico, Recepta\u00e7\u00e3o de ve\u00edculo roubado e adultera\u00e7\u00e3o de placa.<\/p>\n<p><img loading=\"lazy\" decoding=\"async\" class=\" size-full wp-image-87709\" src=\"http:\/\/diarioregionaljf.com.br\/wp-content\/uploads\/2017\/12\/diario-int-22291-1.jpg\" alt=\"aprecam\" width=\"496\" height=\"328\" srcset=\"https:\/\/diarioregionaldigital.com.br\/wp-content\/uploads\/2017\/12\/diario-int-22291-1.jpg 680w, https:\/\/diarioregionaldigital.com.br\/wp-content\/uploads\/2017\/12\/diario-int-22291-1-300x199.jpg 300w, https:\/\/diarioregionaldigital.com.br\/wp-content\/uploads\/2017\/12\/diario-int-22291-1-360x238.jpg 360w\" sizes=\"auto, (max-width: 496px) 100vw, 496px\" \/><\/p>\n<p>Fonte: Assessoria \/ Pol\u00edcia Civil<\/p>\n","protected":false},"excerpt":{"rendered":"<p>Na \u00faltima sexta-feira , 15, a Pol\u00edcia Civil de Minas Gerais deflagrou uma opera\u00e7\u00e3o, na Zona Norte de Juiz de Fora, que culminou na pris\u00e3o em flagrante de um homem de 26 anos. Ap\u00f3s receber uma s\u00e9rie de den\u00fancias de que o suspeito estaria comercializando entorpecentes no bairro Industrial, policiais civis da Delegacia Especializada Antidrogas [&hellip;]<\/p>\n","protected":false},"author":96,"featured_media":87708,"comment_status":"closed","ping_status":"closed","sticky":false,"template":"","format":"standard","meta":{"footnotes":""},"categories":[253],"tags":[],"class_list":["post-87710","post","type-post","status-publish","format-standard","has-post-thumbnail","hentry","category-cidade"],"_links":{"self":[{"href":"https:\/\/diarioregionaldigital.com.br\/index.php?rest_route=\/wp\/v2\/posts\/87710","targetHints":{"allow":["GET"]}}],"collection":[{"href":"https:\/\/diarioregionaldigital.com.br\/index.php?rest_route=\/wp\/v2\/posts"}],"about":[{"href":"https:\/\/diarioregionaldigital.com.br\/index.php?rest_route=\/wp\/v2\/types\/post"}],"author":[{"embeddable":true,"href":"https:\/\/diarioregionaldigital.com.br\/index.php?rest_route=\/wp\/v2\/users\/96"}],"replies":[{"embeddable":true,"href":"https:\/\/diarioregionaldigital.com.br\/index.php?rest_route=%2Fwp%2Fv2%2Fcomments&post=87710"}],"version-history":[{"count":0,"href":"https:\/\/diarioregionaldigital.com.br\/index.php?rest_route=\/wp\/v2\/posts\/87710\/revisions"}],"wp:featuredmedia":[{"embeddable":true,"href":"https:\/\/diarioregionaldigital.com.br\/index.php?rest_route=\/wp\/v2\/media\/87708"}],"wp:attachment":[{"href":"https:\/\/diarioregionaldigital.com.br\/index.php?rest_route=%2Fwp%2Fv2%2Fmedia&parent=87710"}],"wp:term":[{"taxonomy":"category","embeddable":true,"href":"https:\/\/diarioregionaldigital.com.br\/index.php?rest_route=%2Fwp%2Fv2%2Fcategories&post=87710"},{"taxonomy":"post_tag","embeddable":true,"href":"https:\/\/diarioregionaldigital.com.br\/index.php?rest_route=%2Fwp%2Fv2%2Ftags&post=87710"}],"curies":[{"name":"wp","href":"https:\/\/api.w.org\/{rel}","templated":true}]}}