{"id":87707,"date":"2017-12-18T12:51:35","date_gmt":"2017-12-18T14:51:35","guid":{"rendered":"http:\/\/diarioregionaljf.com.br\/2017\/12\/18\/mais-de-63-mil-presos-farao-exame-para-completar-ensinos-fundamental-e-medio\/"},"modified":"2017-12-18T12:51:35","modified_gmt":"2017-12-18T14:51:35","slug":"mais-de-63-mil-presos-farao-exame-para-completar-ensinos-fundamental-e-medio","status":"publish","type":"post","link":"https:\/\/diarioregionaldigital.com.br\/?p=87707","title":{"rendered":"Mais de 63 mil presos far\u00e3o exame para completar ensinos fundamental e m\u00e9dio"},"content":{"rendered":"<p>Nos dias 19 e 20 pr\u00f3ximos, 63,7 mil presos far\u00e3o o Exame Nacional para Certifica\u00e7\u00e3o de Compet\u00eancias de Jovens e Adultos Privados de Liberdade (Encceja PPL). A avalia\u00e7\u00e3o \u00e9 aplicada para permitir a pessoas em unidades prisionais que n\u00e3o completaram os ensinos fundamental e m\u00e9dio a possibilidade de obten\u00e7\u00e3o do t\u00edtulo. Entre os inscritos tamb\u00e9m h\u00e1 adolescentes em unidades de medidas socioeducativas.<\/p>\n<p>Presos aprovados no exame do ensino m\u00e9dio podem pleitear a participa\u00e7\u00e3o no Sistema de Sele\u00e7\u00e3o Unificada (Sisu), mecanismo de sele\u00e7\u00e3o para entrada em universidades federais ou em outras formas de acesso ao ensino superior. O procedimento \u00e9 coordenado pelo respons\u00e1vel pedag\u00f3gico da unidade do candidato.<\/p>\n<p>O exame para o ensino m\u00e9dio \u00e9 composto de quest\u00f5es das \u00e1reas de Ci\u00eancias da Natureza, Ci\u00eancias Humanas, Linguagens e C\u00f3digos e Matem\u00e1tica. J\u00e1 o exame do ensino fundamental apresenta perguntas de disciplinas como L\u00edngua Portuguesa, L\u00edngua Inglesa, Hist\u00f3ria, Geografia, Artes, Matem\u00e1tica, Ci\u00eancias Naturais, Artes, Educa\u00e7\u00e3o F\u00edsica e Reda\u00e7\u00e3o. Al\u00e9m das quest\u00f5es, os candidatos devem escrever uma reda\u00e7\u00e3o.<\/p>\n<p><span style=\"font-size: 18pt;\">Escolaridade<\/span><\/p>\n<p>Segundo informa\u00e7\u00f5es do Levantamento Nacional de Informa\u00e7\u00f5es Penitenci\u00e1rias (Infopen) &#8211; feito com 70% da popula\u00e7\u00e3o carcer\u00e1ria do pa\u00eds &#8211; 51% t\u00eam ensino fundamental incompleto, 29% n\u00e3o conclu\u00edram o ensino m\u00e9dio, 9% j\u00e1 terminaram essa fase, 6% s\u00e3o alfabetizados mas sem cursos regulares e 4% s\u00e3o analfabetos.<\/p>\n<p><span style=\"font-size: 18pt;\">Interrup\u00e7\u00e3o<\/span><\/p>\n<p>O Enceja ser\u00e1 realizado este ano ap\u00f3s dois anos de interrup\u00e7\u00e3o. Em 2016 e em 2015 a prova n\u00e3o foi aplicada por falta de or\u00e7amento. Em 2014, fizeram o exame 23 mil pessoas, total maior que o de 2013: 18 mil encarcerados.<\/p>\n","protected":false},"excerpt":{"rendered":"<p>Nos dias 19 e 20 pr\u00f3ximos, 63,7 mil presos far\u00e3o o Exame Nacional para Certifica\u00e7\u00e3o de Compet\u00eancias de Jovens e Adultos Privados de Liberdade (Encceja PPL). A avalia\u00e7\u00e3o \u00e9 aplicada para permitir a pessoas em unidades prisionais que n\u00e3o completaram os ensinos fundamental e m\u00e9dio a possibilidade de obten\u00e7\u00e3o do t\u00edtulo. Entre os inscritos tamb\u00e9m [&hellip;]<\/p>\n","protected":false},"author":96,"featured_media":87706,"comment_status":"closed","ping_status":"closed","sticky":false,"template":"","format":"standard","meta":{"footnotes":""},"categories":[302],"tags":[],"class_list":["post-87707","post","type-post","status-publish","format-standard","has-post-thumbnail","hentry","category-brasil-mundo"],"_links":{"self":[{"href":"https:\/\/diarioregionaldigital.com.br\/index.php?rest_route=\/wp\/v2\/posts\/87707","targetHints":{"allow":["GET"]}}],"collection":[{"href":"https:\/\/diarioregionaldigital.com.br\/index.php?rest_route=\/wp\/v2\/posts"}],"about":[{"href":"https:\/\/diarioregionaldigital.com.br\/index.php?rest_route=\/wp\/v2\/types\/post"}],"author":[{"embeddable":true,"href":"https:\/\/diarioregionaldigital.com.br\/index.php?rest_route=\/wp\/v2\/users\/96"}],"replies":[{"embeddable":true,"href":"https:\/\/diarioregionaldigital.com.br\/index.php?rest_route=%2Fwp%2Fv2%2Fcomments&post=87707"}],"version-history":[{"count":0,"href":"https:\/\/diarioregionaldigital.com.br\/index.php?rest_route=\/wp\/v2\/posts\/87707\/revisions"}],"wp:featuredmedia":[{"embeddable":true,"href":"https:\/\/diarioregionaldigital.com.br\/index.php?rest_route=\/wp\/v2\/media\/87706"}],"wp:attachment":[{"href":"https:\/\/diarioregionaldigital.com.br\/index.php?rest_route=%2Fwp%2Fv2%2Fmedia&parent=87707"}],"wp:term":[{"taxonomy":"category","embeddable":true,"href":"https:\/\/diarioregionaldigital.com.br\/index.php?rest_route=%2Fwp%2Fv2%2Fcategories&post=87707"},{"taxonomy":"post_tag","embeddable":true,"href":"https:\/\/diarioregionaldigital.com.br\/index.php?rest_route=%2Fwp%2Fv2%2Ftags&post=87707"}],"curies":[{"name":"wp","href":"https:\/\/api.w.org\/{rel}","templated":true}]}}