{"id":87703,"date":"2017-12-18T12:43:52","date_gmt":"2017-12-18T14:43:52","guid":{"rendered":"http:\/\/diarioregionaljf.com.br\/2017\/12\/18\/entregador-de-lanches-e-assaltado-por-dupla-armada-no-bom-pastor\/"},"modified":"2017-12-18T12:43:52","modified_gmt":"2017-12-18T14:43:52","slug":"entregador-de-lanches-e-assaltado-por-dupla-armada-no-bom-pastor","status":"publish","type":"post","link":"https:\/\/diarioregionaldigital.com.br\/?p=87703","title":{"rendered":"Entregador de lanches \u00e9 assaltado por dupla armada no Bom Pastor"},"content":{"rendered":"<p>Um jovem de 25 anos, entregador de lanches, foi assaltado durante servi\u00e7o na noite deste domingo, 17, no bairro Bom Pastor, zona Sul de Juiz de Fora.<\/p>\n<p>Segundo informa\u00e7\u00f5es da Pol\u00edcia Militar (PM), o jovem fazia uma entrega na Rua Professor Vicente Masini, quando foi abordado por dois indiv\u00edduos, um deles com arma de fogo.<\/p>\n<p>Um dos assaltantes apontou a arma em dire\u00e7\u00e3o \u00e0 v\u00edtima e fez amea\u00e7as gritando \u201cperdeu, perdeu\u201d. Nesse momento o entregador saiu da moto, a qual utilizava para realizar as entregas, e o outro assaltante subiu na mesma. A dupla ainda roubou uma alian\u00e7a da v\u00edtima e ap\u00f3s o crime fugiram em sentido ao bairro Vila Ozanan.<\/p>\n<p>A motocicleta roubada era da marca Yamaha YBR.<\/p>\n<p>A PM realizou buscas pela regi\u00e3o, mas os autores n\u00e3o foram localizados.<\/p>\n","protected":false},"excerpt":{"rendered":"<p>Um jovem de 25 anos, entregador de lanches, foi assaltado durante servi\u00e7o na noite deste domingo, 17, no bairro Bom Pastor, zona Sul de Juiz de Fora. Segundo informa\u00e7\u00f5es da Pol\u00edcia Militar (PM), o jovem fazia uma entrega na Rua Professor Vicente Masini, quando foi abordado por dois indiv\u00edduos, um deles com arma de fogo. [&hellip;]<\/p>\n","protected":false},"author":96,"featured_media":87702,"comment_status":"closed","ping_status":"closed","sticky":false,"template":"","format":"standard","meta":{"footnotes":""},"categories":[301],"tags":[],"class_list":["post-87703","post","type-post","status-publish","format-standard","has-post-thumbnail","hentry","category-artigos-policiais"],"_links":{"self":[{"href":"https:\/\/diarioregionaldigital.com.br\/index.php?rest_route=\/wp\/v2\/posts\/87703","targetHints":{"allow":["GET"]}}],"collection":[{"href":"https:\/\/diarioregionaldigital.com.br\/index.php?rest_route=\/wp\/v2\/posts"}],"about":[{"href":"https:\/\/diarioregionaldigital.com.br\/index.php?rest_route=\/wp\/v2\/types\/post"}],"author":[{"embeddable":true,"href":"https:\/\/diarioregionaldigital.com.br\/index.php?rest_route=\/wp\/v2\/users\/96"}],"replies":[{"embeddable":true,"href":"https:\/\/diarioregionaldigital.com.br\/index.php?rest_route=%2Fwp%2Fv2%2Fcomments&post=87703"}],"version-history":[{"count":0,"href":"https:\/\/diarioregionaldigital.com.br\/index.php?rest_route=\/wp\/v2\/posts\/87703\/revisions"}],"wp:featuredmedia":[{"embeddable":true,"href":"https:\/\/diarioregionaldigital.com.br\/index.php?rest_route=\/wp\/v2\/media\/87702"}],"wp:attachment":[{"href":"https:\/\/diarioregionaldigital.com.br\/index.php?rest_route=%2Fwp%2Fv2%2Fmedia&parent=87703"}],"wp:term":[{"taxonomy":"category","embeddable":true,"href":"https:\/\/diarioregionaldigital.com.br\/index.php?rest_route=%2Fwp%2Fv2%2Fcategories&post=87703"},{"taxonomy":"post_tag","embeddable":true,"href":"https:\/\/diarioregionaldigital.com.br\/index.php?rest_route=%2Fwp%2Fv2%2Ftags&post=87703"}],"curies":[{"name":"wp","href":"https:\/\/api.w.org\/{rel}","templated":true}]}}