{"id":87701,"date":"2017-12-18T12:31:21","date_gmt":"2017-12-18T14:31:21","guid":{"rendered":"http:\/\/diarioregionaljf.com.br\/2017\/12\/18\/casal-e-assaltado-dentro-de-carro-por-dupla-em-moto\/"},"modified":"2017-12-18T12:31:21","modified_gmt":"2017-12-18T14:31:21","slug":"casal-e-assaltado-dentro-de-carro-por-dupla-em-moto","status":"publish","type":"post","link":"https:\/\/diarioregionaldigital.com.br\/?p=87701","title":{"rendered":"Casal \u00e9 assaltado dentro de carro por dupla em moto"},"content":{"rendered":"<p>Um casal foi assaltado na tarde deste domingo, 17, no bairro Vitorino Braga, localizado na zona Leste de Juiz de Fora.<\/p>\n<p>De acordo com o registro de ocorr\u00eancias da Pol\u00edcia Militar (PM), o casal, uma mulher de 58 anos e um homem de 68 anos, deixavam a casa de parentes na Rua Heitor Guimar\u00e3es, quando foram abordados por dois indiv\u00edduos em uma moto.<\/p>\n<p>As v\u00edtimas relataram que sa\u00edram da resid\u00eancia, adentraram um carro e no momento de partirem os autores anunciaram o assalto. Um dos indiv\u00edduos estava armado com uma pistola e levaram diversos pertences do casal. Ap\u00f3s a a\u00e7\u00e3o, a dupla fugiu em dire\u00e7\u00e3o ao bairro S\u00e3o Bernardo.<\/p>\n<p>As v\u00edtimas n\u00e3o souberam repassar muitas informa\u00e7\u00f5es a respeito dos assaltantes.<\/p>\n<p>A PM realizou buscas, mas nenhum suspeito foi localizado.<\/p>\n","protected":false},"excerpt":{"rendered":"<p>Um casal foi assaltado na tarde deste domingo, 17, no bairro Vitorino Braga, localizado na zona Leste de Juiz de Fora. De acordo com o registro de ocorr\u00eancias da Pol\u00edcia Militar (PM), o casal, uma mulher de 58 anos e um homem de 68 anos, deixavam a casa de parentes na Rua Heitor Guimar\u00e3es, quando [&hellip;]<\/p>\n","protected":false},"author":96,"featured_media":87700,"comment_status":"closed","ping_status":"closed","sticky":false,"template":"","format":"standard","meta":{"footnotes":""},"categories":[301],"tags":[],"class_list":["post-87701","post","type-post","status-publish","format-standard","has-post-thumbnail","hentry","category-artigos-policiais"],"_links":{"self":[{"href":"https:\/\/diarioregionaldigital.com.br\/index.php?rest_route=\/wp\/v2\/posts\/87701","targetHints":{"allow":["GET"]}}],"collection":[{"href":"https:\/\/diarioregionaldigital.com.br\/index.php?rest_route=\/wp\/v2\/posts"}],"about":[{"href":"https:\/\/diarioregionaldigital.com.br\/index.php?rest_route=\/wp\/v2\/types\/post"}],"author":[{"embeddable":true,"href":"https:\/\/diarioregionaldigital.com.br\/index.php?rest_route=\/wp\/v2\/users\/96"}],"replies":[{"embeddable":true,"href":"https:\/\/diarioregionaldigital.com.br\/index.php?rest_route=%2Fwp%2Fv2%2Fcomments&post=87701"}],"version-history":[{"count":0,"href":"https:\/\/diarioregionaldigital.com.br\/index.php?rest_route=\/wp\/v2\/posts\/87701\/revisions"}],"wp:featuredmedia":[{"embeddable":true,"href":"https:\/\/diarioregionaldigital.com.br\/index.php?rest_route=\/wp\/v2\/media\/87700"}],"wp:attachment":[{"href":"https:\/\/diarioregionaldigital.com.br\/index.php?rest_route=%2Fwp%2Fv2%2Fmedia&parent=87701"}],"wp:term":[{"taxonomy":"category","embeddable":true,"href":"https:\/\/diarioregionaldigital.com.br\/index.php?rest_route=%2Fwp%2Fv2%2Fcategories&post=87701"},{"taxonomy":"post_tag","embeddable":true,"href":"https:\/\/diarioregionaldigital.com.br\/index.php?rest_route=%2Fwp%2Fv2%2Ftags&post=87701"}],"curies":[{"name":"wp","href":"https:\/\/api.w.org\/{rel}","templated":true}]}}