{"id":87699,"date":"2017-12-18T11:56:03","date_gmt":"2017-12-18T13:56:03","guid":{"rendered":"http:\/\/diarioregionaljf.com.br\/2017\/12\/18\/grupo-rende-senhora-e-assalta-residencia-no-poco-rico\/"},"modified":"2017-12-18T11:56:03","modified_gmt":"2017-12-18T13:56:03","slug":"grupo-rende-senhora-e-assalta-residencia-no-poco-rico","status":"publish","type":"post","link":"https:\/\/diarioregionaldigital.com.br\/?p=87699","title":{"rendered":"Grupo rende senhora e assalta resid\u00eancia no Po\u00e7o Rico"},"content":{"rendered":"<p>Uma senhora de 62 anos teve sua resid\u00eancia invadida e foi assaltada na madrugada deste domingo, 17, no bairro Po\u00e7o Rico, localizado na zona Sudeste de Juiz de Fora.<\/p>\n<p>De acordo com informa\u00e7\u00f5es da Pol\u00edcia Militar (PM), a filha da v\u00edtima encontrava-se na casa do namorado, quando recebeu a liga\u00e7\u00e3o da m\u00e3e que estava muito nervosa e agitada, relatando que havia sido roubada.<\/p>\n<p>A filha seguiu at\u00e9 a casa e encontrou a m\u00e3e muito nervosa, que relatou o fato. Ela explicou que dormia em um sof\u00e1 quando avistou tr\u00eas vultos dentro da casa. Nesse momento a v\u00edtima perguntou quem era, e os tr\u00eas indiv\u00edduos imediatamente pegaram um travesseiro e colocaram em seu rosto, al\u00e9m de terem dado v\u00e1rios tapas em sua face.<\/p>\n<p>Ap\u00f3s a a\u00e7\u00e3o o grupo seguiu pelos c\u00f4modos da resid\u00eancia onde encontraram um laptop, um ventilador e ainda uma quantia em dinheiro. Ap\u00f3s pegarem os objetos, fugiram pela janela da sala, mesmo local por onde entraram.<\/p>\n<p>A mulher n\u00e3o conseguiu repassar muitas caracter\u00edsticas dos assaltantes para a PM, uma vez que achou que poderia estar sonhando, devido a fazer uso de medicamentos para dormir. Ela s\u00f3 teve certeza do fato, no dia seguinte, ao notar a casa bagun\u00e7ada. Momento em que ligou para a filha.<\/p>\n<p>Um perito esteve na resid\u00eancia e explicou que o local n\u00e3o teve nenhum arrombamento. Os assaltantes escalaram a varanda da resid\u00eancia para terem acesso \u00e0 janela da sala que n\u00e3o possui grades.<\/p>\n<p>M\u00e3e e filha explicaram que mudaram para o local duas semanas atr\u00e1s e que tamb\u00e9m j\u00e1 foram v\u00edtimas de assalto nas proximidades do bairro Po\u00e7o Rico.<\/p>\n<p>Algumas resid\u00eancias de moradores pr\u00f3ximos ao local possuem c\u00e2mera de seguran\u00e7a, as quais as imagens poder\u00e3o ser utilizadas na investiga\u00e7\u00e3o do caso.<\/p>\n<p>A PM realizou buscas pela regi\u00e3o, contudo os autores n\u00e3o foram localizados.<\/p>\n<p>As v\u00edtimas receberam orienta\u00e7\u00f5es necess\u00e1rias.<\/p>\n","protected":false},"excerpt":{"rendered":"<p>Uma senhora de 62 anos teve sua resid\u00eancia invadida e foi assaltada na madrugada deste domingo, 17, no bairro Po\u00e7o Rico, localizado na zona Sudeste de Juiz de Fora. De acordo com informa\u00e7\u00f5es da Pol\u00edcia Militar (PM), a filha da v\u00edtima encontrava-se na casa do namorado, quando recebeu a liga\u00e7\u00e3o da m\u00e3e que estava muito [&hellip;]<\/p>\n","protected":false},"author":96,"featured_media":87698,"comment_status":"closed","ping_status":"closed","sticky":false,"template":"","format":"standard","meta":{"footnotes":""},"categories":[301],"tags":[],"class_list":["post-87699","post","type-post","status-publish","format-standard","has-post-thumbnail","hentry","category-artigos-policiais"],"_links":{"self":[{"href":"https:\/\/diarioregionaldigital.com.br\/index.php?rest_route=\/wp\/v2\/posts\/87699","targetHints":{"allow":["GET"]}}],"collection":[{"href":"https:\/\/diarioregionaldigital.com.br\/index.php?rest_route=\/wp\/v2\/posts"}],"about":[{"href":"https:\/\/diarioregionaldigital.com.br\/index.php?rest_route=\/wp\/v2\/types\/post"}],"author":[{"embeddable":true,"href":"https:\/\/diarioregionaldigital.com.br\/index.php?rest_route=\/wp\/v2\/users\/96"}],"replies":[{"embeddable":true,"href":"https:\/\/diarioregionaldigital.com.br\/index.php?rest_route=%2Fwp%2Fv2%2Fcomments&post=87699"}],"version-history":[{"count":0,"href":"https:\/\/diarioregionaldigital.com.br\/index.php?rest_route=\/wp\/v2\/posts\/87699\/revisions"}],"wp:featuredmedia":[{"embeddable":true,"href":"https:\/\/diarioregionaldigital.com.br\/index.php?rest_route=\/wp\/v2\/media\/87698"}],"wp:attachment":[{"href":"https:\/\/diarioregionaldigital.com.br\/index.php?rest_route=%2Fwp%2Fv2%2Fmedia&parent=87699"}],"wp:term":[{"taxonomy":"category","embeddable":true,"href":"https:\/\/diarioregionaldigital.com.br\/index.php?rest_route=%2Fwp%2Fv2%2Fcategories&post=87699"},{"taxonomy":"post_tag","embeddable":true,"href":"https:\/\/diarioregionaldigital.com.br\/index.php?rest_route=%2Fwp%2Fv2%2Ftags&post=87699"}],"curies":[{"name":"wp","href":"https:\/\/api.w.org\/{rel}","templated":true}]}}