{"id":87697,"date":"2017-12-18T11:19:03","date_gmt":"2017-12-18T13:19:03","guid":{"rendered":"http:\/\/diarioregionaljf.com.br\/2017\/12\/18\/filha-de-tecnico-de-time-sub-20-do-fluminense-morre-apos-acidente-na-br-0-40\/"},"modified":"2017-12-18T11:19:03","modified_gmt":"2017-12-18T13:19:03","slug":"filha-de-tecnico-de-time-sub-20-do-fluminense-morre-apos-acidente-na-br-0-40","status":"publish","type":"post","link":"https:\/\/diarioregionaldigital.com.br\/?p=87697","title":{"rendered":"Filha de t\u00e9cnico de time sub-20 do Fluminense morre ap\u00f3s acidente na BR 0-40"},"content":{"rendered":"<p>O clube de futebol Fluminense confirmou neste domingo, 17, que L\u00e9o Percovich, de 49 anos, t\u00e9cnico da equipe sub-20 do clube, encontrava-se no acidente de carro ocorrido na tarde do s\u00e1bado, 16, na regi\u00e3o de Santos Dumont.<\/p>\n<p>O t\u00e9cnico seguia com a mulher e seus tr\u00eas filhos pela BR-040, quando na altura do KM 744, o ve\u00edculo teria perdido o controle vindo a chocar-se contra a mureta de prote\u00e7\u00e3o de uma ponte e caindo de uma altura de aproximadamente 30 metros.<\/p>\n<p>Em nota o clube relatou que L\u00e9o Percovich e a mulher foram socorridos e levados para a Unidade de Pronto Atendimento (UPA) Norte, em Juiz de Fora. O t\u00e9cnico sofreu escoria\u00e7\u00f5es leves e vai passar por exames ao longo da noite.<\/p>\n<p>A mulher do treinador sofreu fratura na bacia. Dos filhos do casal, um menino e uma menina est\u00e3o no (Centro de Tratamento Intensivo) CTI da Santa Casa de Juiz de Fora em estado cr\u00edtico e a outra filha do casal morreu ao dar entrada no Hospital de Pronto Socorro (HPS).<\/p>\n<p>O clube lamentou profundamente a perda, segue dando apoio ao treinador neste momento dif\u00edcil e decretou luto oficial de tr\u00eas dias. Uma equipe do clube est\u00e1 a caminho de Juiz de Fora.<\/p>\n<p>Logo ap\u00f3s<a href=\"geral\/22301-motorista-perde-o-controle-e-carro-cai-de-ponte-de-30-metros-na-br-040\"> o acidente<\/a>, todas as cinco v\u00edtimas foram socorridas por moradores da regi\u00e3o, pela Pol\u00edcia Militar de Santos Dumont, Corpo de Bombeiros Militar de Juiz de Fora, pelo Servi\u00e7o de Atendimento M\u00f3vel de Urg\u00eancia (SAMU) e pela VIA 040, que administra a BR.<\/p>\n","protected":false},"excerpt":{"rendered":"<p>O clube de futebol Fluminense confirmou neste domingo, 17, que L\u00e9o Percovich, de 49 anos, t\u00e9cnico da equipe sub-20 do clube, encontrava-se no acidente de carro ocorrido na tarde do s\u00e1bado, 16, na regi\u00e3o de Santos Dumont. O t\u00e9cnico seguia com a mulher e seus tr\u00eas filhos pela BR-040, quando na altura do KM 744, [&hellip;]<\/p>\n","protected":false},"author":96,"featured_media":87696,"comment_status":"closed","ping_status":"closed","sticky":false,"template":"","format":"standard","meta":{"footnotes":""},"categories":[252],"tags":[],"class_list":["post-87697","post","type-post","status-publish","format-standard","has-post-thumbnail","hentry","category-regiao"],"_links":{"self":[{"href":"https:\/\/diarioregionaldigital.com.br\/index.php?rest_route=\/wp\/v2\/posts\/87697","targetHints":{"allow":["GET"]}}],"collection":[{"href":"https:\/\/diarioregionaldigital.com.br\/index.php?rest_route=\/wp\/v2\/posts"}],"about":[{"href":"https:\/\/diarioregionaldigital.com.br\/index.php?rest_route=\/wp\/v2\/types\/post"}],"author":[{"embeddable":true,"href":"https:\/\/diarioregionaldigital.com.br\/index.php?rest_route=\/wp\/v2\/users\/96"}],"replies":[{"embeddable":true,"href":"https:\/\/diarioregionaldigital.com.br\/index.php?rest_route=%2Fwp%2Fv2%2Fcomments&post=87697"}],"version-history":[{"count":0,"href":"https:\/\/diarioregionaldigital.com.br\/index.php?rest_route=\/wp\/v2\/posts\/87697\/revisions"}],"wp:featuredmedia":[{"embeddable":true,"href":"https:\/\/diarioregionaldigital.com.br\/index.php?rest_route=\/wp\/v2\/media\/87696"}],"wp:attachment":[{"href":"https:\/\/diarioregionaldigital.com.br\/index.php?rest_route=%2Fwp%2Fv2%2Fmedia&parent=87697"}],"wp:term":[{"taxonomy":"category","embeddable":true,"href":"https:\/\/diarioregionaldigital.com.br\/index.php?rest_route=%2Fwp%2Fv2%2Fcategories&post=87697"},{"taxonomy":"post_tag","embeddable":true,"href":"https:\/\/diarioregionaldigital.com.br\/index.php?rest_route=%2Fwp%2Fv2%2Ftags&post=87697"}],"curies":[{"name":"wp","href":"https:\/\/api.w.org\/{rel}","templated":true}]}}