{"id":87695,"date":"2017-12-18T10:52:42","date_gmt":"2017-12-18T12:52:42","guid":{"rendered":"http:\/\/diarioregionaljf.com.br\/2017\/12\/18\/instituicoes-financeiras-reduzem-projecao-de-inflacao-para-2-83-este-ano\/"},"modified":"2017-12-18T10:52:42","modified_gmt":"2017-12-18T12:52:42","slug":"instituicoes-financeiras-reduzem-projecao-de-inflacao-para-2-83-este-ano","status":"publish","type":"post","link":"https:\/\/diarioregionaldigital.com.br\/?p=87695","title":{"rendered":"Institui\u00e7\u00f5es financeiras reduzem proje\u00e7\u00e3o de infla\u00e7\u00e3o para 2,83% este ano"},"content":{"rendered":"<p>O mercado financeiro continua a prever infla\u00e7\u00e3o abaixo do piso da meta para este ano. A estimativa para o \u00cdndice Nacional de Pre\u00e7os ao Consumidor Amplo (IPCA) caiu pela quarta vez seguida, ao passar de 2,88% para 2,83%. A estimativa consta do boletim Focus, uma publica\u00e7\u00e3o divulgada semanalmente no site do Banco Central (BC) com proje\u00e7\u00f5es para os principais indicadores econ\u00f4micos.<\/p>\n<p>A meta de infla\u00e7\u00e3o, que deve ser perseguida pelo BC, tem como centro 4,5%, limite inferior de 3% e superior de 6%. Quando a infla\u00e7\u00e3o fica fora desses patamares, o BC tem que elaborar uma carta aberta ao ministro da Fazenda, Henrique Meirelles, explicando os motivos do descumprimento da meta.<\/p>\n<p>No boletim da semana passada, as institui\u00e7\u00f5es financeiras j\u00e1 haviam reduzida a proje\u00e7\u00e3o para abaixo da meta. Em setembro, a estimativa tamb\u00e9m ficou abaixo do piso, mas depois voltou a ficar dentro do intervalo de toler\u00e2ncia.<\/p>\n<p>Se a estimativa se confirmar, ser\u00e1 a primeira vez que a meta ser\u00e1 descumprida por ficar abaixo do piso. A meta ficou acima do teto quatro vezes: 2001, 2002, 2003 e 2015.<\/p>\n<p>Nos 11 meses do ano, o \u00cdndice de Pre\u00e7os ao Consumidor Amplo (IPCA) chegou a 2,5%, o menor resultado acumulado para o per\u00edodo desde 1998 (1,32%). Em janeiro, o Instituto Brasileiro de Geografia e Estat\u00edstica (IBGE) vai informar o resultado do IPCA neste ano.<\/p>\n<p>Para 2018, a proje\u00e7\u00e3o do mercado financeiro para o IPCA caiu de 4,02% para 4%.<\/p>\n<p>O principal instrumento usado pelo BC para controlar a infla\u00e7\u00e3o \u00e9 a taxa b\u00e1sica de juros, a Selic, atualmente em 7% ao ano, o menor n\u00edvel hist\u00f3rico. No \u00faltimo dia 6, a Selic foi reduzida pela d\u00e9cima vez seguida. Por unanimidade, o Comit\u00ea de Pol\u00edtica Monet\u00e1ria (Copom) diminuiu a Selic em 0,5 ponto percentual, de 7,5% ao ano para 7% ao ano.<\/p>\n<p>A expectativa do mercado financeiro para a Selic ao final de 2018 segue em 7% ao ano. A estimativa para a expans\u00e3o do Produto Interno Bruto (PIB), a soma de todos os bens e servi\u00e7os produzidos no pa\u00eds, subiu de 0,91% para 0,96% neste ano, e de 2,62% para 2,64% em 2018.<\/p>\n<p>Fonte: Ag\u00eancia Brasil<\/p>\n","protected":false},"excerpt":{"rendered":"<p>O mercado financeiro continua a prever infla\u00e7\u00e3o abaixo do piso da meta para este ano. A estimativa para o \u00cdndice Nacional de Pre\u00e7os ao Consumidor Amplo (IPCA) caiu pela quarta vez seguida, ao passar de 2,88% para 2,83%. A estimativa consta do boletim Focus, uma publica\u00e7\u00e3o divulgada semanalmente no site do Banco Central (BC) com [&hellip;]<\/p>\n","protected":false},"author":96,"featured_media":87694,"comment_status":"closed","ping_status":"closed","sticky":false,"template":"","format":"standard","meta":{"footnotes":""},"categories":[261],"tags":[],"class_list":["post-87695","post","type-post","status-publish","format-standard","has-post-thumbnail","hentry","category-economia"],"_links":{"self":[{"href":"https:\/\/diarioregionaldigital.com.br\/index.php?rest_route=\/wp\/v2\/posts\/87695","targetHints":{"allow":["GET"]}}],"collection":[{"href":"https:\/\/diarioregionaldigital.com.br\/index.php?rest_route=\/wp\/v2\/posts"}],"about":[{"href":"https:\/\/diarioregionaldigital.com.br\/index.php?rest_route=\/wp\/v2\/types\/post"}],"author":[{"embeddable":true,"href":"https:\/\/diarioregionaldigital.com.br\/index.php?rest_route=\/wp\/v2\/users\/96"}],"replies":[{"embeddable":true,"href":"https:\/\/diarioregionaldigital.com.br\/index.php?rest_route=%2Fwp%2Fv2%2Fcomments&post=87695"}],"version-history":[{"count":0,"href":"https:\/\/diarioregionaldigital.com.br\/index.php?rest_route=\/wp\/v2\/posts\/87695\/revisions"}],"wp:featuredmedia":[{"embeddable":true,"href":"https:\/\/diarioregionaldigital.com.br\/index.php?rest_route=\/wp\/v2\/media\/87694"}],"wp:attachment":[{"href":"https:\/\/diarioregionaldigital.com.br\/index.php?rest_route=%2Fwp%2Fv2%2Fmedia&parent=87695"}],"wp:term":[{"taxonomy":"category","embeddable":true,"href":"https:\/\/diarioregionaldigital.com.br\/index.php?rest_route=%2Fwp%2Fv2%2Fcategories&post=87695"},{"taxonomy":"post_tag","embeddable":true,"href":"https:\/\/diarioregionaldigital.com.br\/index.php?rest_route=%2Fwp%2Fv2%2Ftags&post=87695"}],"curies":[{"name":"wp","href":"https:\/\/api.w.org\/{rel}","templated":true}]}}