{"id":87691,"date":"2017-12-17T12:38:41","date_gmt":"2017-12-17T14:38:41","guid":{"rendered":"http:\/\/diarioregionaljf.com.br\/2017\/12\/17\/espetaculo-toda-mulher-tem-sessao-gratuita-no-ceu-zona-norte\/"},"modified":"2017-12-17T12:38:41","modified_gmt":"2017-12-17T14:38:41","slug":"espetaculo-toda-mulher-tem-sessao-gratuita-no-ceu-zona-norte","status":"publish","type":"post","link":"https:\/\/diarioregionaldigital.com.br\/?p=87691","title":{"rendered":"Espet\u00e1culo \u201cToda Mulher\u201d tem sess\u00e3o gratuita no CEU\/Zona Norte"},"content":{"rendered":"<p>Na segunda-feira, 18, \u00e0s 18h30, integrantes do projeto \u201cE Dan\u00e7o\u201d, viabilizado por meio da Lei de Incentivo \u00e0 Cultura \u201cMurilo Mendes\u201d, apresentar\u00e3o o espet\u00e1culo \u201cToda Mulher\u201d, no Centro de Artes e Esportes Unificados \u201cCoronel Adelmir Romualdo de Oliveira\u201d (CEU\/Zona Norte). A sess\u00e3o \u00e9 gratuita, tendo como p\u00fablico-alvo estudantes, bailarinos, pesquisadores e interessados na abordagem feita pelo grupo. Os ingressos podem ser reservados pelo e-mailedancojf@gmail.com, pelo telefone (32) 99820-3622 ou pela p\u00e1gina no <a href=\"https:\/\/www.facebook.com\/edancojf\">www.facebook.com\/edancojf<\/a>.<\/p>\n<p>Ap\u00f3s a apresenta\u00e7\u00e3o, a plateia ser\u00e1 convidada a participar de atividade de aproveitamento. Desde abril o \u201cE Dan\u00e7o\u201d recebeu centenas de participantes com oficinas que objetivam despertar o interesse pela arte, a partir de viv\u00eancias e novas propostas para o corpo e os encontros com o outro. O projeto \u00e9 devotado a mulheres que, pela primeira vez, abriram espa\u00e7o para a dan\u00e7a em suas vidas, em meio \u00e0s multitarefas do universo feminino. O espet\u00e1culo \u201cToda Mulher\u201d \u00e9 fruto desse trabalho. Nele, 30 mulheres, com idades entre 18 e 38 anos, dan\u00e7ar\u00e3o as poesias que permeiam suas hist\u00f3rias.<\/p>\n<p>Ficha t\u00e9cnica<br \/>Dire\u00e7\u00e3o: Aline Velozo<br \/>Produ\u00e7\u00e3o: Aline Velozo e Amanda Velozo<\/p>\n<p>Int\u00e9rpretes-criadoras:<br \/>Ad\u00e9lia Ac\u00e1cio<br \/>Alexsandra Mariano<br \/>Alice Elaine Urbieta Barbosa<br \/>Aline Velozo<br \/>Amanda Velozo<br \/>Aym\u00eae Souza<br \/>Daniele Fontes<br \/>Edna Fajardo<br \/>Gleycimar Medeiros<br \/>Gorete Cintra<br \/>Jaqueline de Paula<br \/>Jocilene Pires<br \/>Josiane Duarte<br \/>Juliana Cardoso<br \/>Larisse Cavalcante<br \/>Let\u00edcia Pires<br \/>Marcia Pedroso<br \/>Maria das Gra\u00e7as Miranda<br \/>Mariana Gomes<br \/>Marina Urbieta Barbosa<br \/>Neide Lopes Silveira Lelis<br \/>Patr\u00edcia Mamedes<br \/>Priscila Marques<br \/>Sandra Mara Farinelli Pinto<br \/>Sonimar Fonseca<br \/>Tatiane Valad\u00e3o<br \/>Terezinha Rodrigues<\/p>\n<p>Convidado especial: Valter Luis<br \/>Cria\u00e7\u00e3o de Luz: Marcos Paulo Batista<\/p>\n","protected":false},"excerpt":{"rendered":"<p>Na segunda-feira, 18, \u00e0s 18h30, integrantes do projeto \u201cE Dan\u00e7o\u201d, viabilizado por meio da Lei de Incentivo \u00e0 Cultura \u201cMurilo Mendes\u201d, apresentar\u00e3o o espet\u00e1culo \u201cToda Mulher\u201d, no Centro de Artes e Esportes Unificados \u201cCoronel Adelmir Romualdo de Oliveira\u201d (CEU\/Zona Norte). A sess\u00e3o \u00e9 gratuita, tendo como p\u00fablico-alvo estudantes, bailarinos, pesquisadores e interessados na abordagem feita [&hellip;]<\/p>\n","protected":false},"author":96,"featured_media":87690,"comment_status":"closed","ping_status":"closed","sticky":false,"template":"","format":"standard","meta":{"footnotes":""},"categories":[256],"tags":[],"class_list":["post-87691","post","type-post","status-publish","format-standard","has-post-thumbnail","hentry","category-cultura"],"_links":{"self":[{"href":"https:\/\/diarioregionaldigital.com.br\/index.php?rest_route=\/wp\/v2\/posts\/87691","targetHints":{"allow":["GET"]}}],"collection":[{"href":"https:\/\/diarioregionaldigital.com.br\/index.php?rest_route=\/wp\/v2\/posts"}],"about":[{"href":"https:\/\/diarioregionaldigital.com.br\/index.php?rest_route=\/wp\/v2\/types\/post"}],"author":[{"embeddable":true,"href":"https:\/\/diarioregionaldigital.com.br\/index.php?rest_route=\/wp\/v2\/users\/96"}],"replies":[{"embeddable":true,"href":"https:\/\/diarioregionaldigital.com.br\/index.php?rest_route=%2Fwp%2Fv2%2Fcomments&post=87691"}],"version-history":[{"count":0,"href":"https:\/\/diarioregionaldigital.com.br\/index.php?rest_route=\/wp\/v2\/posts\/87691\/revisions"}],"wp:featuredmedia":[{"embeddable":true,"href":"https:\/\/diarioregionaldigital.com.br\/index.php?rest_route=\/wp\/v2\/media\/87690"}],"wp:attachment":[{"href":"https:\/\/diarioregionaldigital.com.br\/index.php?rest_route=%2Fwp%2Fv2%2Fmedia&parent=87691"}],"wp:term":[{"taxonomy":"category","embeddable":true,"href":"https:\/\/diarioregionaldigital.com.br\/index.php?rest_route=%2Fwp%2Fv2%2Fcategories&post=87691"},{"taxonomy":"post_tag","embeddable":true,"href":"https:\/\/diarioregionaldigital.com.br\/index.php?rest_route=%2Fwp%2Fv2%2Ftags&post=87691"}],"curies":[{"name":"wp","href":"https:\/\/api.w.org\/{rel}","templated":true}]}}